{"id":955,"date":"2020-03-05T09:00:47","date_gmt":"2020-03-05T08:00:47","guid":{"rendered":"https:\/\/www.immerheiser.de\/?p=955"},"modified":"2020-02-18T13:19:20","modified_gmt":"2020-02-18T12:19:20","slug":"pic-of-the-day-2020-03-05","status":"publish","type":"post","link":"https:\/\/www.immerheiser.de\/?p=955","title":{"rendered":"pic-of-the-day-2020-03-05"},"content":{"rendered":"<p>mein heutiges Bild des Tages: &#8222;Place de Brouck\u00e8re&#8220; Das (Handy-) Bild entstand vor einigen Jahren w\u00e4hrend einer Gesch\u00e4ftsreise nach Br\u00fcssel, als ich aus dem Zimmer des Hotels M\u00e9tropole heraus den Place de Brouck\u00e8re fotografierte. Zu sehen das Hotel\u00a0Continental auf dem Boulevard Anspach &#8211; \u00a0pr\u00e4gnant nicht nur sondern wegen seines architektonischen Stils, sondern auch wegen des gro\u00dfen Werbeschilds einer Kult-Getr\u00e4nkemarke auf dem Dach des Geb\u00e4udes. Mittlerweile wurden die umliegenden Stra\u00dfen zur zweitgr\u00f6\u00dften Fussg\u00e4ngerzone Europas umgebaut.<\/p>\n<p>Nokia N97 | 5,4mm | f2.8 | 1\/125 s.<\/p>\n<p>&nbsp;<\/p>\n","protected":false},"excerpt":{"rendered":"<p>mein heutiges Bild des Tages: &#8222;Place de Brouck\u00e8re&#8220; Das (Handy-) Bild entstand vor einigen Jahren w\u00e4hrend einer Gesch\u00e4ftsreise nach Br\u00fcssel, als ich aus dem Zimmer des Hotels M\u00e9tropole heraus den Place de Brouck\u00e8re fotografierte. Zu sehen das Hotel\u00a0Continental auf dem Boulevard Anspach &#8211; \u00a0pr\u00e4gnant nicht nur sondern wegen seines architektonischen Stils, sondern auch wegen des &hellip; <a href=\"https:\/\/www.immerheiser.de\/?p=955\" class=\"more-link\"><span class=\"screen-reader-text\">\u201epic-of-the-day-2020-03-05\u201c<\/span> weiterlesen<\/a><\/p>\n","protected":false},"author":1,"featured_media":956,"comment_status":"closed","ping_status":"open","sticky":false,"template":"","format":"image","meta":{"_jetpack_memberships_contains_paid_content":false,"footnotes":""},"categories":[1,153],"tags":[915,48,166,912,911,914,913,910,909,261,70,798,55,908,9,580,535,795,309,5,7,265,907,799],"class_list":["post-955","post","type-post","status-publish","format-image","has-post-thumbnail","hentry","category-fotografie","category-reisen","tag-anspach","tag-architektur","tag-bauwerk","tag-belgien","tag-belgium","tag-boulevard","tag-brouckere","tag-bruessel","tag-brussels","tag-building","tag-city","tag-europe","tag-fotografie","tag-hotelgebaeude","tag-immerheiser","tag-instadaily","tag-instatravel","tag-place","tag-platz","tag-reise","tag-stadt","tag-travel","tag-werbeschild","tag-werbung","post_format-post-format-image"],"jetpack_featured_media_url":"https:\/\/www.immerheiser.de\/wp-content\/uploads\/2020\/02\/boulevard-anspach.jpg","jetpack_sharing_enabled":true,"_links":{"self":[{"href":"https:\/\/www.immerheiser.de\/index.php?rest_route=\/wp\/v2\/posts\/955","targetHints":{"allow":["GET"]}}],"collection":[{"href":"https:\/\/www.immerheiser.de\/index.php?rest_route=\/wp\/v2\/posts"}],"about":[{"href":"https:\/\/www.immerheiser.de\/index.php?rest_route=\/wp\/v2\/types\/post"}],"author":[{"embeddable":true,"href":"https:\/\/www.immerheiser.de\/index.php?rest_route=\/wp\/v2\/users\/1"}],"replies":[{"embeddable":true,"href":"https:\/\/www.immerheiser.de\/index.php?rest_route=%2Fwp%2Fv2%2Fcomments&post=955"}],"version-history":[{"count":2,"href":"https:\/\/www.immerheiser.de\/index.php?rest_route=\/wp\/v2\/posts\/955\/revisions"}],"predecessor-version":[{"id":959,"href":"https:\/\/www.immerheiser.de\/index.php?rest_route=\/wp\/v2\/posts\/955\/revisions\/959"}],"wp:featuredmedia":[{"embeddable":true,"href":"https:\/\/www.immerheiser.de\/index.php?rest_route=\/wp\/v2\/media\/956"}],"wp:attachment":[{"href":"https:\/\/www.immerheiser.de\/index.php?rest_route=%2Fwp%2Fv2%2Fmedia&parent=955"}],"wp:term":[{"taxonomy":"category","embeddable":true,"href":"https:\/\/www.immerheiser.de\/index.php?rest_route=%2Fwp%2Fv2%2Fcategories&post=955"},{"taxonomy":"post_tag","embeddable":true,"href":"https:\/\/www.immerheiser.de\/index.php?rest_route=%2Fwp%2Fv2%2Ftags&post=955"}],"curies":[{"name":"wp","href":"https:\/\/api.w.org\/{rel}","templated":true}]}}