{"id":946,"date":"2020-02-28T09:00:48","date_gmt":"2020-02-28T08:00:48","guid":{"rendered":"https:\/\/www.immerheiser.de\/?p=946"},"modified":"2020-02-18T10:27:56","modified_gmt":"2020-02-18T09:27:56","slug":"pic-of-the-day-2020-02-28","status":"publish","type":"post","link":"https:\/\/www.immerheiser.de\/?p=946","title":{"rendered":"pic-of-the-day-2020-02-28"},"content":{"rendered":"<p>mein heutiges Bild des Tages: &#8222;Solewasser&#8220;. Das Bild habe ich in Bad M\u00fcnster am Stein aufgenommen. Es zeigt rechts der Wasserturm, der um 1856 erbaut wurde. Nach dem Bau des B\u00e4derhauses wurden er im Jahr 1909 an die jetzige Stelle umgesetzt. Im Wasserturm befanden sich ein Wasserbeh\u00e4lter und eine Pumpe, die mit dem im Vordergrund zu sehenden Wasserrad verbunden war. Hier\u00fcber\u00a0wurden die Gradierwerke \u00fcber Rohre mit Solewasser gespeist.<\/p>\n<p>Olympus E-520 | 14mm | f 7.1 | 1\/250s.<\/p>\n","protected":false},"excerpt":{"rendered":"<p>mein heutiges Bild des Tages: &#8222;Solewasser&#8220;. Das Bild habe ich in Bad M\u00fcnster am Stein aufgenommen. Es zeigt rechts der Wasserturm, der um 1856 erbaut wurde. Nach dem Bau des B\u00e4derhauses wurden er im Jahr 1909 an die jetzige Stelle umgesetzt. Im Wasserturm befanden sich ein Wasserbeh\u00e4lter und eine Pumpe, die mit dem im Vordergrund &hellip; <a href=\"https:\/\/www.immerheiser.de\/?p=946\" class=\"more-link\"><span class=\"screen-reader-text\">\u201epic-of-the-day-2020-02-28\u201c<\/span> weiterlesen<\/a><\/p>\n","protected":false},"author":1,"featured_media":947,"comment_status":"closed","ping_status":"open","sticky":false,"template":"","format":"image","meta":{"_jetpack_memberships_contains_paid_content":false,"footnotes":""},"categories":[1],"tags":[894,277,410,442,895,759,580,470,699,249,22,893,68,33,328,892,379,891,890],"class_list":["post-946","post","type-post","status-publish","format-image","has-post-thumbnail","hentry","category-fotografie","tag-bad-muenster","tag-badmuenster","tag-deutschland","tag-germany","tag-gradierwerke","tag-holz","tag-instadaily","tag-instaphoto","tag-kh","tag-landscape","tag-landschaft","tag-rad","tag-rheinhessen","tag-rlp","tag-rlperleben","tag-sole","tag-turm","tag-wasserrad","tag-wasserturm","post_format-post-format-image"],"jetpack_featured_media_url":"https:\/\/www.immerheiser.de\/wp-content\/uploads\/2020\/02\/Wasserturm.jpg","jetpack_sharing_enabled":true,"_links":{"self":[{"href":"https:\/\/www.immerheiser.de\/index.php?rest_route=\/wp\/v2\/posts\/946","targetHints":{"allow":["GET"]}}],"collection":[{"href":"https:\/\/www.immerheiser.de\/index.php?rest_route=\/wp\/v2\/posts"}],"about":[{"href":"https:\/\/www.immerheiser.de\/index.php?rest_route=\/wp\/v2\/types\/post"}],"author":[{"embeddable":true,"href":"https:\/\/www.immerheiser.de\/index.php?rest_route=\/wp\/v2\/users\/1"}],"replies":[{"embeddable":true,"href":"https:\/\/www.immerheiser.de\/index.php?rest_route=%2Fwp%2Fv2%2Fcomments&post=946"}],"version-history":[{"count":1,"href":"https:\/\/www.immerheiser.de\/index.php?rest_route=\/wp\/v2\/posts\/946\/revisions"}],"predecessor-version":[{"id":948,"href":"https:\/\/www.immerheiser.de\/index.php?rest_route=\/wp\/v2\/posts\/946\/revisions\/948"}],"wp:featuredmedia":[{"embeddable":true,"href":"https:\/\/www.immerheiser.de\/index.php?rest_route=\/wp\/v2\/media\/947"}],"wp:attachment":[{"href":"https:\/\/www.immerheiser.de\/index.php?rest_route=%2Fwp%2Fv2%2Fmedia&parent=946"}],"wp:term":[{"taxonomy":"category","embeddable":true,"href":"https:\/\/www.immerheiser.de\/index.php?rest_route=%2Fwp%2Fv2%2Fcategories&post=946"},{"taxonomy":"post_tag","embeddable":true,"href":"https:\/\/www.immerheiser.de\/index.php?rest_route=%2Fwp%2Fv2%2Ftags&post=946"}],"curies":[{"name":"wp","href":"https:\/\/api.w.org\/{rel}","templated":true}]}}