{"id":907,"date":"2020-02-18T09:00:00","date_gmt":"2020-02-18T08:00:00","guid":{"rendered":"https:\/\/www.immerheiser.de\/?p=907"},"modified":"2020-02-10T15:37:44","modified_gmt":"2020-02-10T14:37:44","slug":"pic-of-the-day-2020-02-18","status":"publish","type":"post","link":"https:\/\/www.immerheiser.de\/?p=907","title":{"rendered":"pic-of-the-day-2020-02-18"},"content":{"rendered":"<p>mein heutiges Bild des Tages: das das Falkensteiner Schloss in Velden. Aufgenommen hab ich das Foto vom W\u00f6rthersee aus kurz vor dem Anlegen in Velden.<br \/>\nDas am Westufer des W\u00f6rthersees (K\u00e4rnten) gelegene Schloss wurde urspr\u00fcnglich zwischen 1539\u20131613 erbaut und bei einem Brand im Jahr 1762 fast vollst\u00e4ndig zerst\u00f6rt. Seit Ende des 19. Jahrhunderts dient das Schloss als Hotel. In den 1990er Jahren wurde es aufw\u00e4ndig renoviert. Es diente als Drehort f\u00fcr zahlreiche Filme und Fernsehproduktionen &#8211; u.a. der bekannten Fernsehserie &#8222;Ein Schloss am W\u00f6rthersee&#8220;.<\/p>\n<p>Canon 6D | 127mm | f9 | 1\/160s.<\/p>\n","protected":false},"excerpt":{"rendered":"<p>mein heutiges Bild des Tages: das das Falkensteiner Schloss in Velden. Aufgenommen hab ich das Foto vom W\u00f6rthersee aus kurz vor dem Anlegen in Velden. Das am Westufer des W\u00f6rthersees (K\u00e4rnten) gelegene Schloss wurde urspr\u00fcnglich zwischen 1539\u20131613 erbaut und bei einem Brand im Jahr 1762 fast vollst\u00e4ndig zerst\u00f6rt. Seit Ende des 19. Jahrhunderts dient das &hellip; <a href=\"https:\/\/www.immerheiser.de\/?p=907\" class=\"more-link\"><span class=\"screen-reader-text\">\u201epic-of-the-day-2020-02-18\u201c<\/span> weiterlesen<\/a><\/p>\n","protected":false},"author":1,"featured_media":908,"comment_status":"closed","ping_status":"open","sticky":false,"template":"","format":"image","meta":{"_jetpack_memberships_contains_paid_content":false,"footnotes":""},"categories":[1,153],"tags":[205,166,261,832,833,47,9,580,470,535,834,204,5,163,836,265,831,835],"class_list":["post-907","post","type-post","status-publish","format-image","has-post-thumbnail","hentry","category-fotografie","category-reisen","tag-austria","tag-bauwerk","tag-building","tag-falkenstein","tag-falkensteinerschloss","tag-gebaeude","tag-immerheiser","tag-instadaily","tag-instaphoto","tag-instatravel","tag-kaernten","tag-oesterreich","tag-reise","tag-schloss","tag-schlosshotel","tag-travel","tag-velden","tag-woerthersee","post_format-post-format-image"],"jetpack_featured_media_url":"https:\/\/www.immerheiser.de\/wp-content\/uploads\/2020\/02\/Falkensteiner-Schloss.jpg","jetpack_sharing_enabled":true,"_links":{"self":[{"href":"https:\/\/www.immerheiser.de\/index.php?rest_route=\/wp\/v2\/posts\/907","targetHints":{"allow":["GET"]}}],"collection":[{"href":"https:\/\/www.immerheiser.de\/index.php?rest_route=\/wp\/v2\/posts"}],"about":[{"href":"https:\/\/www.immerheiser.de\/index.php?rest_route=\/wp\/v2\/types\/post"}],"author":[{"embeddable":true,"href":"https:\/\/www.immerheiser.de\/index.php?rest_route=\/wp\/v2\/users\/1"}],"replies":[{"embeddable":true,"href":"https:\/\/www.immerheiser.de\/index.php?rest_route=%2Fwp%2Fv2%2Fcomments&post=907"}],"version-history":[{"count":2,"href":"https:\/\/www.immerheiser.de\/index.php?rest_route=\/wp\/v2\/posts\/907\/revisions"}],"predecessor-version":[{"id":910,"href":"https:\/\/www.immerheiser.de\/index.php?rest_route=\/wp\/v2\/posts\/907\/revisions\/910"}],"wp:featuredmedia":[{"embeddable":true,"href":"https:\/\/www.immerheiser.de\/index.php?rest_route=\/wp\/v2\/media\/908"}],"wp:attachment":[{"href":"https:\/\/www.immerheiser.de\/index.php?rest_route=%2Fwp%2Fv2%2Fmedia&parent=907"}],"wp:term":[{"taxonomy":"category","embeddable":true,"href":"https:\/\/www.immerheiser.de\/index.php?rest_route=%2Fwp%2Fv2%2Fcategories&post=907"},{"taxonomy":"post_tag","embeddable":true,"href":"https:\/\/www.immerheiser.de\/index.php?rest_route=%2Fwp%2Fv2%2Ftags&post=907"}],"curies":[{"name":"wp","href":"https:\/\/api.w.org\/{rel}","templated":true}]}}