{"id":645,"date":"2019-12-15T09:00:39","date_gmt":"2019-12-15T08:00:39","guid":{"rendered":"https:\/\/www.immerheiser.de\/?p=645"},"modified":"2019-11-21T15:16:27","modified_gmt":"2019-11-21T14:16:27","slug":"pic-of-the-day-2019-12-15","status":"publish","type":"post","link":"https:\/\/www.immerheiser.de\/?p=645","title":{"rendered":"pic of the day 2019-12-15"},"content":{"rendered":"<p>mein heutiges Bild des Tages: Sandsteinfelsen auf Mallorca. An welchem Punkt genau das Bild entstanden ist, wei\u00df ich gar nicht mehr so genau &#8211; es d\u00fcrfte irgendwo in der Ecke bei Cap Blanc, dem s\u00fcdlichsten Zipfel Mallorcas entstanden sein.<br \/>\nBeeindruckende Farben und Felsformationen &#8211; es hat mich doch sehr erstaunt, wie viele sch\u00f6ne Fleckchen es doch auf Mallorca gibt. Ein immer wieder lohnendes Reiseziel abseits der Hauptsaison und des Ballermanns.<\/p>\n<p>Canon 6D | 40mm | f7.1 | 1\/100s<\/p>\n","protected":false},"excerpt":{"rendered":"<p>mein heutiges Bild des Tages: Sandsteinfelsen auf Mallorca. An welchem Punkt genau das Bild entstanden ist, wei\u00df ich gar nicht mehr so genau &#8211; es d\u00fcrfte irgendwo in der Ecke bei Cap Blanc, dem s\u00fcdlichsten Zipfel Mallorcas entstanden sein. Beeindruckende Farben und Felsformationen &#8211; es hat mich doch sehr erstaunt, wie viele sch\u00f6ne Fleckchen es &hellip; <a href=\"https:\/\/www.immerheiser.de\/?p=645\" class=\"more-link\"><span class=\"screen-reader-text\">\u201epic of the day 2019-12-15\u201c<\/span> weiterlesen<\/a><\/p>\n","protected":false},"author":1,"featured_media":647,"comment_status":"closed","ping_status":"open","sticky":false,"template":"","format":"standard","meta":{"_jetpack_memberships_contains_paid_content":false,"footnotes":""},"categories":[1,153],"tags":[35,161,55,9,533,492,470,535,249,22,157,23,160,216,5,532,196,158,265,534],"class_list":["post-645","post","type-post","status-publish","format-standard","has-post-thumbnail","hentry","category-fotografie","category-reisen","tag-canon","tag-felsen","tag-fotografie","tag-immerheiser","tag-insel","tag-instagood","tag-instaphoto","tag-instatravel","tag-landscape","tag-landschaft","tag-mallorca","tag-natur","tag-nature","tag-photography","tag-reise","tag-sandstein","tag-spain","tag-spanien","tag-travel","tag-travelling"],"jetpack_featured_media_url":"https:\/\/www.immerheiser.de\/wp-content\/uploads\/2019\/11\/capblanc.jpg","jetpack_sharing_enabled":true,"_links":{"self":[{"href":"https:\/\/www.immerheiser.de\/index.php?rest_route=\/wp\/v2\/posts\/645","targetHints":{"allow":["GET"]}}],"collection":[{"href":"https:\/\/www.immerheiser.de\/index.php?rest_route=\/wp\/v2\/posts"}],"about":[{"href":"https:\/\/www.immerheiser.de\/index.php?rest_route=\/wp\/v2\/types\/post"}],"author":[{"embeddable":true,"href":"https:\/\/www.immerheiser.de\/index.php?rest_route=\/wp\/v2\/users\/1"}],"replies":[{"embeddable":true,"href":"https:\/\/www.immerheiser.de\/index.php?rest_route=%2Fwp%2Fv2%2Fcomments&post=645"}],"version-history":[{"count":3,"href":"https:\/\/www.immerheiser.de\/index.php?rest_route=\/wp\/v2\/posts\/645\/revisions"}],"predecessor-version":[{"id":650,"href":"https:\/\/www.immerheiser.de\/index.php?rest_route=\/wp\/v2\/posts\/645\/revisions\/650"}],"wp:featuredmedia":[{"embeddable":true,"href":"https:\/\/www.immerheiser.de\/index.php?rest_route=\/wp\/v2\/media\/647"}],"wp:attachment":[{"href":"https:\/\/www.immerheiser.de\/index.php?rest_route=%2Fwp%2Fv2%2Fmedia&parent=645"}],"wp:term":[{"taxonomy":"category","embeddable":true,"href":"https:\/\/www.immerheiser.de\/index.php?rest_route=%2Fwp%2Fv2%2Fcategories&post=645"},{"taxonomy":"post_tag","embeddable":true,"href":"https:\/\/www.immerheiser.de\/index.php?rest_route=%2Fwp%2Fv2%2Ftags&post=645"}],"curies":[{"name":"wp","href":"https:\/\/api.w.org\/{rel}","templated":true}]}}