{"id":522,"date":"2019-11-28T09:00:15","date_gmt":"2019-11-28T08:00:15","guid":{"rendered":"https:\/\/www.immerheiser.de\/?p=522"},"modified":"2019-10-25T14:53:22","modified_gmt":"2019-10-25T12:53:22","slug":"pic-of-the-day-2019-11-28","status":"publish","type":"post","link":"https:\/\/www.immerheiser.de\/?p=522","title":{"rendered":"pic-of-the-day-2019-11-28"},"content":{"rendered":"\n<p>mein heutiges Bild des Tages: der Herbst n\u00e4hert sich stark dem Ende und der Winter steht vor der T\u00fcr. Das Foto heute habe ich w\u00e4hrend eines Spaziergangs im Kurpark in Bad M\u00fcnster am Stein aufgenommen. \u00dcbrigens eine sehr sch\u00f6ne Ausflugslocation. Direkt am Rheingrafenstein gelegen eine tolle Kulisse &#8211; insbesondere w\u00e4hrend der Herbstzeit ein tolles Farbenspiel, wenn sich die bunten Bl\u00e4tter in der Nahe spiegeln. <br><br>Canon 6D | 67mm | f5.6 | 1\/500s<br><\/p>\n","protected":false},"excerpt":{"rendered":"<p>mein heutiges Bild des Tages: der Herbst n\u00e4hert sich stark dem Ende und der Winter steht vor der T\u00fcr. Das Foto heute habe ich w\u00e4hrend eines Spaziergangs im Kurpark in Bad M\u00fcnster am Stein aufgenommen. \u00dcbrigens eine sehr sch\u00f6ne Ausflugslocation. Direkt am Rheingrafenstein gelegen eine tolle Kulisse &#8211; insbesondere w\u00e4hrend der Herbstzeit ein tolles Farbenspiel, &hellip; <a href=\"https:\/\/www.immerheiser.de\/?p=522\" class=\"more-link\"><span class=\"screen-reader-text\">\u201epic-of-the-day-2019-11-28\u201c<\/span> weiterlesen<\/a><\/p>\n","protected":false},"author":1,"featured_media":523,"comment_status":"closed","ping_status":"open","sticky":false,"template":"","format":"image","meta":{"_jetpack_memberships_contains_paid_content":false,"footnotes":""},"categories":[1],"tags":[9,144,238,160,216],"class_list":["post-522","post","type-post","status-publish","format-image","has-post-thumbnail","hentry","category-fotografie","tag-immerheiser","tag-laub","tag-leaf","tag-nature","tag-photography","post_format-post-format-image"],"jetpack_featured_media_url":"https:\/\/www.immerheiser.de\/wp-content\/uploads\/2019\/10\/bank-herbst.jpg","jetpack_sharing_enabled":true,"_links":{"self":[{"href":"https:\/\/www.immerheiser.de\/index.php?rest_route=\/wp\/v2\/posts\/522","targetHints":{"allow":["GET"]}}],"collection":[{"href":"https:\/\/www.immerheiser.de\/index.php?rest_route=\/wp\/v2\/posts"}],"about":[{"href":"https:\/\/www.immerheiser.de\/index.php?rest_route=\/wp\/v2\/types\/post"}],"author":[{"embeddable":true,"href":"https:\/\/www.immerheiser.de\/index.php?rest_route=\/wp\/v2\/users\/1"}],"replies":[{"embeddable":true,"href":"https:\/\/www.immerheiser.de\/index.php?rest_route=%2Fwp%2Fv2%2Fcomments&post=522"}],"version-history":[{"count":2,"href":"https:\/\/www.immerheiser.de\/index.php?rest_route=\/wp\/v2\/posts\/522\/revisions"}],"predecessor-version":[{"id":525,"href":"https:\/\/www.immerheiser.de\/index.php?rest_route=\/wp\/v2\/posts\/522\/revisions\/525"}],"wp:featuredmedia":[{"embeddable":true,"href":"https:\/\/www.immerheiser.de\/index.php?rest_route=\/wp\/v2\/media\/523"}],"wp:attachment":[{"href":"https:\/\/www.immerheiser.de\/index.php?rest_route=%2Fwp%2Fv2%2Fmedia&parent=522"}],"wp:term":[{"taxonomy":"category","embeddable":true,"href":"https:\/\/www.immerheiser.de\/index.php?rest_route=%2Fwp%2Fv2%2Fcategories&post=522"},{"taxonomy":"post_tag","embeddable":true,"href":"https:\/\/www.immerheiser.de\/index.php?rest_route=%2Fwp%2Fv2%2Ftags&post=522"}],"curies":[{"name":"wp","href":"https:\/\/api.w.org\/{rel}","templated":true}]}}