{"id":499,"date":"2019-11-22T09:00:12","date_gmt":"2019-11-22T08:00:12","guid":{"rendered":"https:\/\/www.immerheiser.de\/?p=499"},"modified":"2019-10-21T15:53:39","modified_gmt":"2019-10-21T13:53:39","slug":"pic-of-the-day-2019-11-22","status":"publish","type":"post","link":"https:\/\/www.immerheiser.de\/?p=499","title":{"rendered":"pic of the day 2019-11-22"},"content":{"rendered":"\n<p>mein heutiges Bild des Tages: ein blauer Pfau, den ich in der Fasanerie Wiesbaden aufgenommen habe. Die Fasanerie ist ein rd. 23h gro\u00dfer Tierpark in einem ehemaligen k\u00f6niglichen Jagdrevier, in dem \u00fcber 250 Tiere zu finden sind. Neben dem abgebildeten Pfau gibt es so zB. noch Braunb\u00e4ren, W\u00f6lfe, Hirsche, Wildschweine uvm. <br>Ein sch\u00f6ne Location f\u00fcr einen Nachmittagsauflug &#8211; der Eintritt ist kostenlos &#8211; Spenden sind jedoch erw\u00fcnscht. <br><br>Canon 60D | 200mm | f5 | 1\/320s<\/p>\n","protected":false},"excerpt":{"rendered":"<p>mein heutiges Bild des Tages: ein blauer Pfau, den ich in der Fasanerie Wiesbaden aufgenommen habe. Die Fasanerie ist ein rd. 23h gro\u00dfer Tierpark in einem ehemaligen k\u00f6niglichen Jagdrevier, in dem \u00fcber 250 Tiere zu finden sind. Neben dem abgebildeten Pfau gibt es so zB. noch Braunb\u00e4ren, W\u00f6lfe, Hirsche, Wildschweine uvm. Ein sch\u00f6ne Location f\u00fcr &hellip; <a href=\"https:\/\/www.immerheiser.de\/?p=499\" class=\"more-link\"><span class=\"screen-reader-text\">\u201epic of the day 2019-11-22\u201c<\/span> weiterlesen<\/a><\/p>\n","protected":false},"author":1,"featured_media":501,"comment_status":"closed","ping_status":"open","sticky":false,"template":"","format":"image","meta":{"_jetpack_memberships_contains_paid_content":false,"footnotes":""},"categories":[1],"tags":[403,404,55,9,160,402,401,216,16,193,139,125],"class_list":["post-499","post","type-post","status-publish","format-image","has-post-thumbnail","hentry","category-fotografie","tag-fasan","tag-fasanerie","tag-fotografie","tag-immerheiser","tag-nature","tag-peacock","tag-pfau","tag-photography","tag-tier","tag-tierwelt","tag-vogel","tag-wiesbaden","post_format-post-format-image"],"jetpack_featured_media_url":"https:\/\/www.immerheiser.de\/wp-content\/uploads\/2019\/10\/IMG_7187-Bearbeitet-1920px-FullHD.jpg","jetpack_sharing_enabled":true,"_links":{"self":[{"href":"https:\/\/www.immerheiser.de\/index.php?rest_route=\/wp\/v2\/posts\/499","targetHints":{"allow":["GET"]}}],"collection":[{"href":"https:\/\/www.immerheiser.de\/index.php?rest_route=\/wp\/v2\/posts"}],"about":[{"href":"https:\/\/www.immerheiser.de\/index.php?rest_route=\/wp\/v2\/types\/post"}],"author":[{"embeddable":true,"href":"https:\/\/www.immerheiser.de\/index.php?rest_route=\/wp\/v2\/users\/1"}],"replies":[{"embeddable":true,"href":"https:\/\/www.immerheiser.de\/index.php?rest_route=%2Fwp%2Fv2%2Fcomments&post=499"}],"version-history":[{"count":2,"href":"https:\/\/www.immerheiser.de\/index.php?rest_route=\/wp\/v2\/posts\/499\/revisions"}],"predecessor-version":[{"id":502,"href":"https:\/\/www.immerheiser.de\/index.php?rest_route=\/wp\/v2\/posts\/499\/revisions\/502"}],"wp:featuredmedia":[{"embeddable":true,"href":"https:\/\/www.immerheiser.de\/index.php?rest_route=\/wp\/v2\/media\/501"}],"wp:attachment":[{"href":"https:\/\/www.immerheiser.de\/index.php?rest_route=%2Fwp%2Fv2%2Fmedia&parent=499"}],"wp:term":[{"taxonomy":"category","embeddable":true,"href":"https:\/\/www.immerheiser.de\/index.php?rest_route=%2Fwp%2Fv2%2Fcategories&post=499"},{"taxonomy":"post_tag","embeddable":true,"href":"https:\/\/www.immerheiser.de\/index.php?rest_route=%2Fwp%2Fv2%2Ftags&post=499"}],"curies":[{"name":"wp","href":"https:\/\/api.w.org\/{rel}","templated":true}]}}