{"id":474,"date":"2019-11-16T09:00:56","date_gmt":"2019-11-16T08:00:56","guid":{"rendered":"https:\/\/www.immerheiser.de\/?p=474"},"modified":"2019-10-21T13:50:30","modified_gmt":"2019-10-21T11:50:30","slug":"pic-of-the-day-2019-11-16","status":"publish","type":"post","link":"https:\/\/www.immerheiser.de\/?p=474","title":{"rendered":"pic of the day 2019-11-16"},"content":{"rendered":"\n<p>mein heutiges Bild des Tages:  eine gew\u00f6hnliche Strasse, ein paar B\u00e4ume und ein normaler Tag. Aber: ein sch\u00f6ner Herbsttag, ein Blick aus der Vogelperspektive, das Farbenspiel dieser tollen Jahreszeit und die Linienf\u00fchrung der Strasse machen das Bild dann doch noch zu einem interessanten Blickfang.<br>Aufgenommen habe ich das Foto in der Rh\u00f6n &#8211; unterwegs mit meiner MavicAir. <br><br>DJI MavicAir | 24mm | f2.8 | 1\/400s<\/p>\n","protected":false},"excerpt":{"rendered":"<p>mein heutiges Bild des Tages: eine gew\u00f6hnliche Strasse, ein paar B\u00e4ume und ein normaler Tag. Aber: ein sch\u00f6ner Herbsttag, ein Blick aus der Vogelperspektive, das Farbenspiel dieser tollen Jahreszeit und die Linienf\u00fchrung der Strasse machen das Bild dann doch noch zu einem interessanten Blickfang.Aufgenommen habe ich das Foto in der Rh\u00f6n &#8211; unterwegs mit meiner &hellip; <a href=\"https:\/\/www.immerheiser.de\/?p=474\" class=\"more-link\"><span class=\"screen-reader-text\">\u201epic of the day 2019-11-16\u201c<\/span> weiterlesen<\/a><\/p>\n","protected":false},"author":1,"featured_media":475,"comment_status":"closed","ping_status":"open","sticky":false,"template":"","format":"image","meta":{"_jetpack_memberships_contains_paid_content":false,"footnotes":""},"categories":[1],"tags":[384,39,55,295,46,9,144,110,23,130],"class_list":["post-474","post","type-post","status-publish","format-image","has-post-thumbnail","hentry","category-fotografie","tag-baeume","tag-dji","tag-fotografie","tag-herbstlaub","tag-hessen","tag-immerheiser","tag-laub","tag-mavicair","tag-natur","tag-rhoen","post_format-post-format-image"],"jetpack_featured_media_url":"https:\/\/www.immerheiser.de\/wp-content\/uploads\/2019\/10\/DJI_0979-20181106-5-Bearbeitet-1920px-FullHD.jpg","jetpack_sharing_enabled":true,"_links":{"self":[{"href":"https:\/\/www.immerheiser.de\/index.php?rest_route=\/wp\/v2\/posts\/474","targetHints":{"allow":["GET"]}}],"collection":[{"href":"https:\/\/www.immerheiser.de\/index.php?rest_route=\/wp\/v2\/posts"}],"about":[{"href":"https:\/\/www.immerheiser.de\/index.php?rest_route=\/wp\/v2\/types\/post"}],"author":[{"embeddable":true,"href":"https:\/\/www.immerheiser.de\/index.php?rest_route=\/wp\/v2\/users\/1"}],"replies":[{"embeddable":true,"href":"https:\/\/www.immerheiser.de\/index.php?rest_route=%2Fwp%2Fv2%2Fcomments&post=474"}],"version-history":[{"count":2,"href":"https:\/\/www.immerheiser.de\/index.php?rest_route=\/wp\/v2\/posts\/474\/revisions"}],"predecessor-version":[{"id":477,"href":"https:\/\/www.immerheiser.de\/index.php?rest_route=\/wp\/v2\/posts\/474\/revisions\/477"}],"wp:featuredmedia":[{"embeddable":true,"href":"https:\/\/www.immerheiser.de\/index.php?rest_route=\/wp\/v2\/media\/475"}],"wp:attachment":[{"href":"https:\/\/www.immerheiser.de\/index.php?rest_route=%2Fwp%2Fv2%2Fmedia&parent=474"}],"wp:term":[{"taxonomy":"category","embeddable":true,"href":"https:\/\/www.immerheiser.de\/index.php?rest_route=%2Fwp%2Fv2%2Fcategories&post=474"},{"taxonomy":"post_tag","embeddable":true,"href":"https:\/\/www.immerheiser.de\/index.php?rest_route=%2Fwp%2Fv2%2Ftags&post=474"}],"curies":[{"name":"wp","href":"https:\/\/api.w.org\/{rel}","templated":true}]}}