{"id":3138,"date":"2021-07-23T09:00:51","date_gmt":"2021-07-23T07:00:51","guid":{"rendered":"https:\/\/www.immerheiser.de\/?p=3138"},"modified":"2021-07-26T10:30:07","modified_gmt":"2021-07-26T08:30:07","slug":"pic-of-the-day-2021-07-23","status":"publish","type":"post","link":"https:\/\/www.immerheiser.de\/?p=3138","title":{"rendered":"pic-of-the-day-2021-07-23"},"content":{"rendered":"<p>Mein heutiges Bild des Tages: &#8222;Moby Corse&#8220;.\u00a0Die Moby Corse geh\u00f6rt zur Kreuzfahrtschiffflotte der Moby Lines. Die F\u00e4hre verkehrt zwischen Genua und Bastia, einer Hafenstadt an der Nordostk\u00fcste Korsikas. Hier zu sehen im Hafen von Genua.<\/p>\n<p>Canon 60D | 65mm | f8 | 1\/250 s.<\/p>\n","protected":false},"excerpt":{"rendered":"<p>Mein heutiges Bild des Tages: &#8222;Moby Corse&#8220;.\u00a0Die Moby Corse geh\u00f6rt zur Kreuzfahrtschiffflotte der Moby Lines. Die F\u00e4hre verkehrt zwischen Genua und Bastia, einer Hafenstadt an der Nordostk\u00fcste Korsikas. Hier zu sehen im Hafen von Genua. Canon 60D | 65mm | f8 | 1\/250 s.<\/p>\n","protected":false},"author":1,"featured_media":3139,"comment_status":"open","ping_status":"open","sticky":false,"template":"","format":"standard","meta":{"_jetpack_memberships_contains_paid_content":false,"footnotes":""},"categories":[1,153],"tags":[2449,2445,1361,1365,243,220,9,2448,2446,2447,5,920,921,631,159],"class_list":["post-3138","post","type-post","status-publish","format-standard","has-post-thumbnail","hentry","category-fotografie","category-reisen","tag-bastia","tag-corse","tag-faehre","tag-ferry","tag-genua","tag-hafen","tag-immerheiser","tag-korsika","tag-moby","tag-moby-corse","tag-reise","tag-schiff","tag-ship","tag-unterwegs","tag-urlaub"],"jetpack_featured_media_url":"https:\/\/www.immerheiser.de\/wp-content\/uploads\/2021\/07\/Moby-Corse-c-eric-immerheiser.jpg","jetpack_sharing_enabled":true,"_links":{"self":[{"href":"https:\/\/www.immerheiser.de\/index.php?rest_route=\/wp\/v2\/posts\/3138","targetHints":{"allow":["GET"]}}],"collection":[{"href":"https:\/\/www.immerheiser.de\/index.php?rest_route=\/wp\/v2\/posts"}],"about":[{"href":"https:\/\/www.immerheiser.de\/index.php?rest_route=\/wp\/v2\/types\/post"}],"author":[{"embeddable":true,"href":"https:\/\/www.immerheiser.de\/index.php?rest_route=\/wp\/v2\/users\/1"}],"replies":[{"embeddable":true,"href":"https:\/\/www.immerheiser.de\/index.php?rest_route=%2Fwp%2Fv2%2Fcomments&post=3138"}],"version-history":[{"count":1,"href":"https:\/\/www.immerheiser.de\/index.php?rest_route=\/wp\/v2\/posts\/3138\/revisions"}],"predecessor-version":[{"id":3140,"href":"https:\/\/www.immerheiser.de\/index.php?rest_route=\/wp\/v2\/posts\/3138\/revisions\/3140"}],"wp:featuredmedia":[{"embeddable":true,"href":"https:\/\/www.immerheiser.de\/index.php?rest_route=\/wp\/v2\/media\/3139"}],"wp:attachment":[{"href":"https:\/\/www.immerheiser.de\/index.php?rest_route=%2Fwp%2Fv2%2Fmedia&parent=3138"}],"wp:term":[{"taxonomy":"category","embeddable":true,"href":"https:\/\/www.immerheiser.de\/index.php?rest_route=%2Fwp%2Fv2%2Fcategories&post=3138"},{"taxonomy":"post_tag","embeddable":true,"href":"https:\/\/www.immerheiser.de\/index.php?rest_route=%2Fwp%2Fv2%2Ftags&post=3138"}],"curies":[{"name":"wp","href":"https:\/\/api.w.org\/{rel}","templated":true}]}}