{"id":3016,"date":"2021-06-19T09:00:07","date_gmt":"2021-06-19T07:00:07","guid":{"rendered":"https:\/\/www.immerheiser.de\/?p=3016"},"modified":"2021-05-27T16:59:13","modified_gmt":"2021-05-27T14:59:13","slug":"pic-of-the-day-2021-06-19","status":"publish","type":"post","link":"https:\/\/www.immerheiser.de\/?p=3016","title":{"rendered":"pic-of-the-day-2021-06-19"},"content":{"rendered":"<p>mein heutiges Bild des Tages: Portopetro. Ein malerisches,\u00a0wundersch\u00f6nes \u00a0kleines Fischerdorf in der Gemeinde Santany\u00ed im S\u00fcdosten der Baleareninsel Mallorca. W\u00e4hrend eines Kurztrips auf die Insel hatten wir dort Halt gemacht, um in einem Fischrestaurant direkt am Hafen Abend zu essen und die herrliche Abendsonne genie\u00dfen zu k\u00f6nnen.<\/p>\n<p>iPhone 6s<\/p>\n","protected":false},"excerpt":{"rendered":"<p>mein heutiges Bild des Tages: Portopetro. Ein malerisches,\u00a0wundersch\u00f6nes \u00a0kleines Fischerdorf in der Gemeinde Santany\u00ed im S\u00fcdosten der Baleareninsel Mallorca. W\u00e4hrend eines Kurztrips auf die Insel hatten wir dort Halt gemacht, um in einem Fischrestaurant direkt am Hafen Abend zu essen und die herrliche Abendsonne genie\u00dfen zu k\u00f6nnen. iPhone 6s<\/p>\n","protected":false},"author":1,"featured_media":3017,"comment_status":"open","ping_status":"open","sticky":false,"template":"","format":"image","meta":{"_jetpack_memberships_contains_paid_content":false,"footnotes":""},"categories":[1,153],"tags":[867,292,220,9,533,157,2349,5,2350,159],"class_list":["post-3016","post","type-post","status-publish","format-image","has-post-thumbnail","hentry","category-fotografie","category-reisen","tag-balearen","tag-fischerdorf","tag-hafen","tag-immerheiser","tag-insel","tag-mallorca","tag-portopetro","tag-reise","tag-santanyi","tag-urlaub","post_format-post-format-image"],"jetpack_featured_media_url":"https:\/\/www.immerheiser.de\/wp-content\/uploads\/2021\/05\/portopetro.jpg","jetpack_sharing_enabled":true,"_links":{"self":[{"href":"https:\/\/www.immerheiser.de\/index.php?rest_route=\/wp\/v2\/posts\/3016","targetHints":{"allow":["GET"]}}],"collection":[{"href":"https:\/\/www.immerheiser.de\/index.php?rest_route=\/wp\/v2\/posts"}],"about":[{"href":"https:\/\/www.immerheiser.de\/index.php?rest_route=\/wp\/v2\/types\/post"}],"author":[{"embeddable":true,"href":"https:\/\/www.immerheiser.de\/index.php?rest_route=\/wp\/v2\/users\/1"}],"replies":[{"embeddable":true,"href":"https:\/\/www.immerheiser.de\/index.php?rest_route=%2Fwp%2Fv2%2Fcomments&post=3016"}],"version-history":[{"count":2,"href":"https:\/\/www.immerheiser.de\/index.php?rest_route=\/wp\/v2\/posts\/3016\/revisions"}],"predecessor-version":[{"id":3019,"href":"https:\/\/www.immerheiser.de\/index.php?rest_route=\/wp\/v2\/posts\/3016\/revisions\/3019"}],"wp:featuredmedia":[{"embeddable":true,"href":"https:\/\/www.immerheiser.de\/index.php?rest_route=\/wp\/v2\/media\/3017"}],"wp:attachment":[{"href":"https:\/\/www.immerheiser.de\/index.php?rest_route=%2Fwp%2Fv2%2Fmedia&parent=3016"}],"wp:term":[{"taxonomy":"category","embeddable":true,"href":"https:\/\/www.immerheiser.de\/index.php?rest_route=%2Fwp%2Fv2%2Fcategories&post=3016"},{"taxonomy":"post_tag","embeddable":true,"href":"https:\/\/www.immerheiser.de\/index.php?rest_route=%2Fwp%2Fv2%2Ftags&post=3016"}],"curies":[{"name":"wp","href":"https:\/\/api.w.org\/{rel}","templated":true}]}}