{"id":3008,"date":"2021-06-17T09:00:29","date_gmt":"2021-06-17T07:00:29","guid":{"rendered":"https:\/\/www.immerheiser.de\/?p=3008"},"modified":"2021-05-27T16:06:45","modified_gmt":"2021-05-27T14:06:45","slug":"pic-of-the-day-2021-06-17","status":"publish","type":"post","link":"https:\/\/www.immerheiser.de\/?p=3008","title":{"rendered":"pic-of-the-day-2021-06-17"},"content":{"rendered":"<p>mein heutiges Bild des Tages: Die &#8222;Zehntscheune&#8220; in Bad M\u00fcnster am Stein. es ist das \u00e4lteste Geb\u00e4ude der Stadt aus dem Jahr 1560. Das schmale Fachwerksgeb\u00e4ude war seinerzeit das &#8222;Finanzamt&#8220; f\u00fcr Naturalien.<\/p>\n<p>iPhone 11 | 4,25mm | f1.8 | 1\/2066 s.<\/p>\n","protected":false},"excerpt":{"rendered":"<p>mein heutiges Bild des Tages: Die &#8222;Zehntscheune&#8220; in Bad M\u00fcnster am Stein. es ist das \u00e4lteste Geb\u00e4ude der Stadt aus dem Jahr 1560. Das schmale Fachwerksgeb\u00e4ude war seinerzeit das &#8222;Finanzamt&#8220; f\u00fcr Naturalien. iPhone 11 | 4,25mm | f1.8 | 1\/2066 s.<\/p>\n","protected":false},"author":1,"featured_media":3009,"comment_status":"open","ping_status":"open","sticky":false,"template":"","format":"image","meta":{"_jetpack_memberships_contains_paid_content":false,"footnotes":""},"categories":[1],"tags":[894,1565,469,47,71,2344,178,9,186,428,33,2345,2343],"class_list":["post-3008","post","type-post","status-publish","format-image","has-post-thumbnail","hentry","category-fotografie","tag-bad-muenster","tag-ebernburg","tag-fachwerk","tag-gebaeude","tag-haus","tag-herrenhof","tag-historisch","tag-immerheiser","tag-mittelalter","tag-rheinlandpfalz","tag-rlp","tag-schmal","tag-zehntscheune","post_format-post-format-image"],"jetpack_featured_media_url":"https:\/\/www.immerheiser.de\/wp-content\/uploads\/2021\/05\/Zehntscheune.jpg","jetpack_sharing_enabled":true,"_links":{"self":[{"href":"https:\/\/www.immerheiser.de\/index.php?rest_route=\/wp\/v2\/posts\/3008","targetHints":{"allow":["GET"]}}],"collection":[{"href":"https:\/\/www.immerheiser.de\/index.php?rest_route=\/wp\/v2\/posts"}],"about":[{"href":"https:\/\/www.immerheiser.de\/index.php?rest_route=\/wp\/v2\/types\/post"}],"author":[{"embeddable":true,"href":"https:\/\/www.immerheiser.de\/index.php?rest_route=\/wp\/v2\/users\/1"}],"replies":[{"embeddable":true,"href":"https:\/\/www.immerheiser.de\/index.php?rest_route=%2Fwp%2Fv2%2Fcomments&post=3008"}],"version-history":[{"count":2,"href":"https:\/\/www.immerheiser.de\/index.php?rest_route=\/wp\/v2\/posts\/3008\/revisions"}],"predecessor-version":[{"id":3011,"href":"https:\/\/www.immerheiser.de\/index.php?rest_route=\/wp\/v2\/posts\/3008\/revisions\/3011"}],"wp:featuredmedia":[{"embeddable":true,"href":"https:\/\/www.immerheiser.de\/index.php?rest_route=\/wp\/v2\/media\/3009"}],"wp:attachment":[{"href":"https:\/\/www.immerheiser.de\/index.php?rest_route=%2Fwp%2Fv2%2Fmedia&parent=3008"}],"wp:term":[{"taxonomy":"category","embeddable":true,"href":"https:\/\/www.immerheiser.de\/index.php?rest_route=%2Fwp%2Fv2%2Fcategories&post=3008"},{"taxonomy":"post_tag","embeddable":true,"href":"https:\/\/www.immerheiser.de\/index.php?rest_route=%2Fwp%2Fv2%2Ftags&post=3008"}],"curies":[{"name":"wp","href":"https:\/\/api.w.org\/{rel}","templated":true}]}}