{"id":3002,"date":"2021-06-15T09:00:46","date_gmt":"2021-06-15T07:00:46","guid":{"rendered":"https:\/\/www.immerheiser.de\/?p=3002"},"modified":"2021-05-27T15:20:53","modified_gmt":"2021-05-27T13:20:53","slug":"pic-of-the-day-2021-06-15","status":"publish","type":"post","link":"https:\/\/www.immerheiser.de\/?p=3002","title":{"rendered":"pic-of-the-day-2021-06-15"},"content":{"rendered":"<p>mein heutiges Bild des Tages: &#8222;die Weite des Himmels&#8220;. Diese Aufnahme entstand am Ostseebad Ahrenshoop, dass schon seit langem viele K\u00fcnstler anzieht. Die au\u00dfergew\u00f6hnlich sch\u00f6ne Natur, die unendliche Weite des Himmels und der Ostsee &#8211; hier findet wohl jeder Kunstschaffende seine Inspiration. Aber nicht nur K\u00fcnstler, auch Urlauber k\u00f6nnen hier wunderbar baden oder kilometerweite Strandspazierg\u00e4nge unternehmen. Mir hat der Ort und die Halbinsel Fischland-Dar\u00df-Zingst sehr gut gefallen &#8211; und komme da sicherlich noch einmal hin.<\/p>\n<p>Canon 6D | 17mm | f14 | 1\/250 s.<\/p>\n","protected":false},"excerpt":{"rendered":"<p>mein heutiges Bild des Tages: &#8222;die Weite des Himmels&#8220;. Diese Aufnahme entstand am Ostseebad Ahrenshoop, dass schon seit langem viele K\u00fcnstler anzieht. Die au\u00dfergew\u00f6hnlich sch\u00f6ne Natur, die unendliche Weite des Himmels und der Ostsee &#8211; hier findet wohl jeder Kunstschaffende seine Inspiration. Aber nicht nur K\u00fcnstler, auch Urlauber k\u00f6nnen hier wunderbar baden oder kilometerweite Strandspazierg\u00e4nge &hellip; <a href=\"https:\/\/www.immerheiser.de\/?p=3002\" class=\"more-link\"><span class=\"screen-reader-text\">\u201epic-of-the-day-2021-06-15\u201c<\/span> weiterlesen<\/a><\/p>\n","protected":false},"author":1,"featured_media":3003,"comment_status":"open","ping_status":"open","sticky":false,"template":"","format":"image","meta":{"_jetpack_memberships_contains_paid_content":false,"footnotes":""},"categories":[1,153],"tags":[1519,1517,2335,307,9,90,1082,1337,2332,5,1056,2333,81,159,29,2336,689,2334],"class_list":["post-3002","post","type-post","status-publish","format-image","has-post-thumbnail","hentry","category-fotografie","category-reisen","tag-ahrenshoop","tag-darss","tag-halbinsel","tag-himmel","tag-immerheiser","tag-meer","tag-mv","tag-ostsee","tag-ostseebad","tag-reise","tag-see","tag-seebad","tag-strand","tag-urlaub","tag-wasser","tag-wellen","tag-wolken","tag-zingst","post_format-post-format-image"],"jetpack_featured_media_url":"https:\/\/www.immerheiser.de\/wp-content\/uploads\/2021\/05\/Ahrenshoop-c-eric-immerheiser.jpg","jetpack_sharing_enabled":true,"_links":{"self":[{"href":"https:\/\/www.immerheiser.de\/index.php?rest_route=\/wp\/v2\/posts\/3002","targetHints":{"allow":["GET"]}}],"collection":[{"href":"https:\/\/www.immerheiser.de\/index.php?rest_route=\/wp\/v2\/posts"}],"about":[{"href":"https:\/\/www.immerheiser.de\/index.php?rest_route=\/wp\/v2\/types\/post"}],"author":[{"embeddable":true,"href":"https:\/\/www.immerheiser.de\/index.php?rest_route=\/wp\/v2\/users\/1"}],"replies":[{"embeddable":true,"href":"https:\/\/www.immerheiser.de\/index.php?rest_route=%2Fwp%2Fv2%2Fcomments&post=3002"}],"version-history":[{"count":1,"href":"https:\/\/www.immerheiser.de\/index.php?rest_route=\/wp\/v2\/posts\/3002\/revisions"}],"predecessor-version":[{"id":3004,"href":"https:\/\/www.immerheiser.de\/index.php?rest_route=\/wp\/v2\/posts\/3002\/revisions\/3004"}],"wp:featuredmedia":[{"embeddable":true,"href":"https:\/\/www.immerheiser.de\/index.php?rest_route=\/wp\/v2\/media\/3003"}],"wp:attachment":[{"href":"https:\/\/www.immerheiser.de\/index.php?rest_route=%2Fwp%2Fv2%2Fmedia&parent=3002"}],"wp:term":[{"taxonomy":"category","embeddable":true,"href":"https:\/\/www.immerheiser.de\/index.php?rest_route=%2Fwp%2Fv2%2Fcategories&post=3002"},{"taxonomy":"post_tag","embeddable":true,"href":"https:\/\/www.immerheiser.de\/index.php?rest_route=%2Fwp%2Fv2%2Ftags&post=3002"}],"curies":[{"name":"wp","href":"https:\/\/api.w.org\/{rel}","templated":true}]}}