{"id":2989,"date":"2021-06-11T09:00:04","date_gmt":"2021-06-11T07:00:04","guid":{"rendered":"https:\/\/www.immerheiser.de\/?p=2989"},"modified":"2021-05-27T10:36:07","modified_gmt":"2021-05-27T08:36:07","slug":"pic-of-the-day-2021-06-11","status":"publish","type":"post","link":"https:\/\/www.immerheiser.de\/?p=2989","title":{"rendered":"pic-of-the-day-2021-06-11"},"content":{"rendered":"<p>mein heutiges Bild des Tages: &#8222;au\u00dfergew\u00f6hnlich&#8220;.\u00a0Tauben haben ein au\u00dfergew\u00f6hnliches Sehverm\u00f6gen und ein herrvoragendes visuelles Ged\u00e4chtnis. Manche Aufgaben k\u00f6nnen sie wesentlich schneller l\u00f6sen als es ein Mensch je k\u00f6nnte. Bilder von Menschen oder Gegenst\u00e4nden k\u00f6nnen sie beispielsweise blitzschnell erfassen &#8211; selbst dann, wenn das Bild stark verfremdet sind und wir das eigentliche Objekt gar nicht mehr erkennen w\u00fcrden.<\/p>\n<p>Canon 60D | 200mm | f4 | 1\/1600 s.<\/p>\n","protected":false},"excerpt":{"rendered":"<p>mein heutiges Bild des Tages: &#8222;au\u00dfergew\u00f6hnlich&#8220;.\u00a0Tauben haben ein au\u00dfergew\u00f6hnliches Sehverm\u00f6gen und ein herrvoragendes visuelles Ged\u00e4chtnis. Manche Aufgaben k\u00f6nnen sie wesentlich schneller l\u00f6sen als es ein Mensch je k\u00f6nnte. Bilder von Menschen oder Gegenst\u00e4nden k\u00f6nnen sie beispielsweise blitzschnell erfassen &#8211; selbst dann, wenn das Bild stark verfremdet sind und wir das eigentliche Objekt gar nicht mehr &hellip; <a href=\"https:\/\/www.immerheiser.de\/?p=2989\" class=\"more-link\"><span class=\"screen-reader-text\">\u201epic-of-the-day-2021-06-11\u201c<\/span> weiterlesen<\/a><\/p>\n","protected":false},"author":1,"featured_media":2990,"comment_status":"open","ping_status":"open","sticky":false,"template":"","format":"image","meta":{"_jetpack_memberships_contains_paid_content":false,"footnotes":""},"categories":[1],"tags":[374,9,372,16,193,139],"class_list":["post-2989","post","type-post","status-publish","format-image","has-post-thumbnail","hentry","category-fotografie","tag-fliegen","tag-immerheiser","tag-taube","tag-tier","tag-tierwelt","tag-vogel","post_format-post-format-image"],"jetpack_featured_media_url":"https:\/\/www.immerheiser.de\/wp-content\/uploads\/2021\/05\/taube-c-eric-immerheiser.jpg","jetpack_sharing_enabled":true,"_links":{"self":[{"href":"https:\/\/www.immerheiser.de\/index.php?rest_route=\/wp\/v2\/posts\/2989","targetHints":{"allow":["GET"]}}],"collection":[{"href":"https:\/\/www.immerheiser.de\/index.php?rest_route=\/wp\/v2\/posts"}],"about":[{"href":"https:\/\/www.immerheiser.de\/index.php?rest_route=\/wp\/v2\/types\/post"}],"author":[{"embeddable":true,"href":"https:\/\/www.immerheiser.de\/index.php?rest_route=\/wp\/v2\/users\/1"}],"replies":[{"embeddable":true,"href":"https:\/\/www.immerheiser.de\/index.php?rest_route=%2Fwp%2Fv2%2Fcomments&post=2989"}],"version-history":[{"count":2,"href":"https:\/\/www.immerheiser.de\/index.php?rest_route=\/wp\/v2\/posts\/2989\/revisions"}],"predecessor-version":[{"id":2992,"href":"https:\/\/www.immerheiser.de\/index.php?rest_route=\/wp\/v2\/posts\/2989\/revisions\/2992"}],"wp:featuredmedia":[{"embeddable":true,"href":"https:\/\/www.immerheiser.de\/index.php?rest_route=\/wp\/v2\/media\/2990"}],"wp:attachment":[{"href":"https:\/\/www.immerheiser.de\/index.php?rest_route=%2Fwp%2Fv2%2Fmedia&parent=2989"}],"wp:term":[{"taxonomy":"category","embeddable":true,"href":"https:\/\/www.immerheiser.de\/index.php?rest_route=%2Fwp%2Fv2%2Fcategories&post=2989"},{"taxonomy":"post_tag","embeddable":true,"href":"https:\/\/www.immerheiser.de\/index.php?rest_route=%2Fwp%2Fv2%2Ftags&post=2989"}],"curies":[{"name":"wp","href":"https:\/\/api.w.org\/{rel}","templated":true}]}}