{"id":2690,"date":"2021-03-26T09:00:09","date_gmt":"2021-03-26T08:00:09","guid":{"rendered":"https:\/\/www.immerheiser.de\/?p=2690"},"modified":"2021-03-16T15:30:11","modified_gmt":"2021-03-16T14:30:11","slug":"pic-of-the-day-2021-03-26","status":"publish","type":"post","link":"https:\/\/www.immerheiser.de\/?p=2690","title":{"rendered":"pic-of-the-day-2021-03-26"},"content":{"rendered":"<p>mein heutiges Bild des Tages:Wolkenverhangene Berge, H\u00fcgel, tiefe T\u00e4ler &#8211; das alles wirkt schon sehr imposant und gewaltig. Diese Aufnahme entstand w\u00e4hrend eines Lehrgangs im Berchtesgadener Land als wir uns auf den Weg zu einer Au\u00dfen-\u00dcbung machten. Das Wetter war leider m\u00e4\u00dfig und bei klarer Sicht h\u00e4tten wir wohl einen noch imposanteren Blick gehabt. Aber auch so sieht man wie gewaltig Natur sein kann. Definitiv wird das nochmal ein Reiseziel sein, dass n\u00e4her erkundet werden will.<\/p>\n<p>Canon 5D Mark IV | 165mm | f7.1 | 1\/500 s.<\/p>\n","protected":false},"excerpt":{"rendered":"<p>mein heutiges Bild des Tages:Wolkenverhangene Berge, H\u00fcgel, tiefe T\u00e4ler &#8211; das alles wirkt schon sehr imposant und gewaltig. Diese Aufnahme entstand w\u00e4hrend eines Lehrgangs im Berchtesgadener Land als wir uns auf den Weg zu einer Au\u00dfen-\u00dcbung machten. Das Wetter war leider m\u00e4\u00dfig und bei klarer Sicht h\u00e4tten wir wohl einen noch imposanteren Blick gehabt. Aber &hellip; <a href=\"https:\/\/www.immerheiser.de\/?p=2690\" class=\"more-link\"><span class=\"screen-reader-text\">\u201epic-of-the-day-2021-03-26\u201c<\/span> weiterlesen<\/a><\/p>\n","protected":false},"author":1,"featured_media":2691,"comment_status":"open","ping_status":"open","sticky":false,"template":"","format":"image","meta":{"_jetpack_memberships_contains_paid_content":false,"footnotes":""},"categories":[1,153],"tags":[2131,2130,547,1912,410,442,9,249,22,548,160,667],"class_list":["post-2690","post","type-post","status-publish","format-image","has-post-thumbnail","hentry","category-fotografie","category-reisen","tag-bayern","tag-berchtesgaden","tag-berge","tag-bgl","tag-deutschland","tag-germany","tag-immerheiser","tag-landscape","tag-landschaft","tag-mountains","tag-nature","tag-schnee","post_format-post-format-image"],"jetpack_featured_media_url":"https:\/\/www.immerheiser.de\/wp-content\/uploads\/2021\/03\/BGL.jpg","jetpack_sharing_enabled":true,"_links":{"self":[{"href":"https:\/\/www.immerheiser.de\/index.php?rest_route=\/wp\/v2\/posts\/2690","targetHints":{"allow":["GET"]}}],"collection":[{"href":"https:\/\/www.immerheiser.de\/index.php?rest_route=\/wp\/v2\/posts"}],"about":[{"href":"https:\/\/www.immerheiser.de\/index.php?rest_route=\/wp\/v2\/types\/post"}],"author":[{"embeddable":true,"href":"https:\/\/www.immerheiser.de\/index.php?rest_route=\/wp\/v2\/users\/1"}],"replies":[{"embeddable":true,"href":"https:\/\/www.immerheiser.de\/index.php?rest_route=%2Fwp%2Fv2%2Fcomments&post=2690"}],"version-history":[{"count":2,"href":"https:\/\/www.immerheiser.de\/index.php?rest_route=\/wp\/v2\/posts\/2690\/revisions"}],"predecessor-version":[{"id":2693,"href":"https:\/\/www.immerheiser.de\/index.php?rest_route=\/wp\/v2\/posts\/2690\/revisions\/2693"}],"wp:featuredmedia":[{"embeddable":true,"href":"https:\/\/www.immerheiser.de\/index.php?rest_route=\/wp\/v2\/media\/2691"}],"wp:attachment":[{"href":"https:\/\/www.immerheiser.de\/index.php?rest_route=%2Fwp%2Fv2%2Fmedia&parent=2690"}],"wp:term":[{"taxonomy":"category","embeddable":true,"href":"https:\/\/www.immerheiser.de\/index.php?rest_route=%2Fwp%2Fv2%2Fcategories&post=2690"},{"taxonomy":"post_tag","embeddable":true,"href":"https:\/\/www.immerheiser.de\/index.php?rest_route=%2Fwp%2Fv2%2Ftags&post=2690"}],"curies":[{"name":"wp","href":"https:\/\/api.w.org\/{rel}","templated":true}]}}