{"id":2672,"date":"2021-03-22T09:00:54","date_gmt":"2021-03-22T08:00:54","guid":{"rendered":"https:\/\/www.immerheiser.de\/?p=2672"},"modified":"2021-03-15T16:42:55","modified_gmt":"2021-03-15T15:42:55","slug":"pic-of-the-day-2021-03-22","status":"publish","type":"post","link":"https:\/\/www.immerheiser.de\/?p=2672","title":{"rendered":"pic-of-the-day-2021-03-22"},"content":{"rendered":"<p>Mein heutiges Bild des Tages: Das 1910 erbaute Kurmittelhaus in Bad M\u00fcnster am Stein, das mit seinen geschwungenen D\u00e4chern und Giebeln zu beeindruckt. Im Hintergrund der Rheingrafenstein, der rund 100m \u00fcber \u00fcber dem Nahetal liegt.<\/p>\n<p>iPhone 6s | 29mm | f2.2 | 1\/750 s.<\/p>\n<p>&nbsp;<\/p>\n","protected":false},"excerpt":{"rendered":"<p>Mein heutiges Bild des Tages: Das 1910 erbaute Kurmittelhaus in Bad M\u00fcnster am Stein, das mit seinen geschwungenen D\u00e4chern und Giebeln zu beeindruckt. Im Hintergrund der Rheingrafenstein, der rund 100m \u00fcber \u00fcber dem Nahetal liegt. iPhone 6s | 29mm | f2.2 | 1\/750 s. &nbsp;<\/p>\n","protected":false},"author":1,"featured_media":2673,"comment_status":"open","ping_status":"open","sticky":false,"template":"","format":"standard","meta":{"_jetpack_memberships_contains_paid_content":false,"footnotes":""},"categories":[1],"tags":[277,161,9,699,698,466,22,458,426,428,33],"class_list":["post-2672","post","type-post","status-publish","format-standard","has-post-thumbnail","hentry","category-fotografie","tag-badmuenster","tag-felsen","tag-immerheiser","tag-kh","tag-kreuznach","tag-kurhaus","tag-landschaft","tag-nahetal","tag-rheingrafenstein","tag-rheinlandpfalz","tag-rlp"],"jetpack_featured_media_url":"https:\/\/www.immerheiser.de\/wp-content\/uploads\/2021\/03\/Kurhaus-Rheingrafenstein-c-eric-immerheiser.jpg","jetpack_sharing_enabled":true,"_links":{"self":[{"href":"https:\/\/www.immerheiser.de\/index.php?rest_route=\/wp\/v2\/posts\/2672","targetHints":{"allow":["GET"]}}],"collection":[{"href":"https:\/\/www.immerheiser.de\/index.php?rest_route=\/wp\/v2\/posts"}],"about":[{"href":"https:\/\/www.immerheiser.de\/index.php?rest_route=\/wp\/v2\/types\/post"}],"author":[{"embeddable":true,"href":"https:\/\/www.immerheiser.de\/index.php?rest_route=\/wp\/v2\/users\/1"}],"replies":[{"embeddable":true,"href":"https:\/\/www.immerheiser.de\/index.php?rest_route=%2Fwp%2Fv2%2Fcomments&post=2672"}],"version-history":[{"count":2,"href":"https:\/\/www.immerheiser.de\/index.php?rest_route=\/wp\/v2\/posts\/2672\/revisions"}],"predecessor-version":[{"id":2675,"href":"https:\/\/www.immerheiser.de\/index.php?rest_route=\/wp\/v2\/posts\/2672\/revisions\/2675"}],"wp:featuredmedia":[{"embeddable":true,"href":"https:\/\/www.immerheiser.de\/index.php?rest_route=\/wp\/v2\/media\/2673"}],"wp:attachment":[{"href":"https:\/\/www.immerheiser.de\/index.php?rest_route=%2Fwp%2Fv2%2Fmedia&parent=2672"}],"wp:term":[{"taxonomy":"category","embeddable":true,"href":"https:\/\/www.immerheiser.de\/index.php?rest_route=%2Fwp%2Fv2%2Fcategories&post=2672"},{"taxonomy":"post_tag","embeddable":true,"href":"https:\/\/www.immerheiser.de\/index.php?rest_route=%2Fwp%2Fv2%2Ftags&post=2672"}],"curies":[{"name":"wp","href":"https:\/\/api.w.org\/{rel}","templated":true}]}}