{"id":2645,"date":"2021-03-16T09:00:01","date_gmt":"2021-03-16T08:00:01","guid":{"rendered":"https:\/\/www.immerheiser.de\/?p=2645"},"modified":"2021-03-11T11:53:13","modified_gmt":"2021-03-11T10:53:13","slug":"pic-of-the-day-2021-03-16","status":"publish","type":"post","link":"https:\/\/www.immerheiser.de\/?p=2645","title":{"rendered":"pic-of-the-day-2021-03-16"},"content":{"rendered":"<p>mein heutiges Bild des Tages: &#8222;springtime II&#8220;. Es ist mal wieder Zeit f\u00fcr ein Fr\u00fchlingsbild. Gerade jetzt, wo die Sonne in den letzten Tagen ja nicht so h\u00e4ufig zu sehen ist, braucht es solche Bilder \ud83d\ude09<br \/>\nDie Krokusse bl\u00fchen flei\u00dfig vor sich hin und zeigen sich von ihrer sch\u00f6nsten Seite. Es dauert nicht mehr lange und die Winter-Tristesse wandelt sich bald wieder in ein farbenpr\u00e4chtiges Fr\u00fchlings-Wunderland. Freue mich drauf \ud83d\ude42<\/p>\n<p>Canon 6D | 200mm | f2.8 | 1\/400 s.<\/p>\n","protected":false},"excerpt":{"rendered":"<p>mein heutiges Bild des Tages: &#8222;springtime II&#8220;. Es ist mal wieder Zeit f\u00fcr ein Fr\u00fchlingsbild. Gerade jetzt, wo die Sonne in den letzten Tagen ja nicht so h\u00e4ufig zu sehen ist, braucht es solche Bilder \ud83d\ude09 Die Krokusse bl\u00fchen flei\u00dfig vor sich hin und zeigen sich von ihrer sch\u00f6nsten Seite. Es dauert nicht mehr lange &hellip; <a href=\"https:\/\/www.immerheiser.de\/?p=2645\" class=\"more-link\"><span class=\"screen-reader-text\">\u201epic-of-the-day-2021-03-16\u201c<\/span> weiterlesen<\/a><\/p>\n","protected":false},"author":1,"featured_media":2646,"comment_status":"open","ping_status":"open","sticky":false,"template":"","format":"image","meta":{"_jetpack_memberships_contains_paid_content":false,"footnotes":""},"categories":[1],"tags":[960,1084,321,966,899,9,302,2034,160,902],"class_list":["post-2645","post","type-post","status-publish","format-image","has-post-thumbnail","hentry","category-fotografie","tag-blueten","tag-canonphotography","tag-flora","tag-flowers","tag-fruehling","tag-immerheiser","tag-jahreszeiten","tag-krokusse","tag-nature","tag-spring","post_format-post-format-image"],"jetpack_featured_media_url":"https:\/\/www.immerheiser.de\/wp-content\/uploads\/2021\/03\/fruehlingszeit-2-c-eric-immerheiser.jpg","jetpack_sharing_enabled":true,"_links":{"self":[{"href":"https:\/\/www.immerheiser.de\/index.php?rest_route=\/wp\/v2\/posts\/2645","targetHints":{"allow":["GET"]}}],"collection":[{"href":"https:\/\/www.immerheiser.de\/index.php?rest_route=\/wp\/v2\/posts"}],"about":[{"href":"https:\/\/www.immerheiser.de\/index.php?rest_route=\/wp\/v2\/types\/post"}],"author":[{"embeddable":true,"href":"https:\/\/www.immerheiser.de\/index.php?rest_route=\/wp\/v2\/users\/1"}],"replies":[{"embeddable":true,"href":"https:\/\/www.immerheiser.de\/index.php?rest_route=%2Fwp%2Fv2%2Fcomments&post=2645"}],"version-history":[{"count":1,"href":"https:\/\/www.immerheiser.de\/index.php?rest_route=\/wp\/v2\/posts\/2645\/revisions"}],"predecessor-version":[{"id":2647,"href":"https:\/\/www.immerheiser.de\/index.php?rest_route=\/wp\/v2\/posts\/2645\/revisions\/2647"}],"wp:featuredmedia":[{"embeddable":true,"href":"https:\/\/www.immerheiser.de\/index.php?rest_route=\/wp\/v2\/media\/2646"}],"wp:attachment":[{"href":"https:\/\/www.immerheiser.de\/index.php?rest_route=%2Fwp%2Fv2%2Fmedia&parent=2645"}],"wp:term":[{"taxonomy":"category","embeddable":true,"href":"https:\/\/www.immerheiser.de\/index.php?rest_route=%2Fwp%2Fv2%2Fcategories&post=2645"},{"taxonomy":"post_tag","embeddable":true,"href":"https:\/\/www.immerheiser.de\/index.php?rest_route=%2Fwp%2Fv2%2Ftags&post=2645"}],"curies":[{"name":"wp","href":"https:\/\/api.w.org\/{rel}","templated":true}]}}