{"id":2613,"date":"2021-03-10T09:00:28","date_gmt":"2021-03-10T08:00:28","guid":{"rendered":"https:\/\/www.immerheiser.de\/?p=2613"},"modified":"2021-03-05T16:34:57","modified_gmt":"2021-03-05T15:34:57","slug":"pic-of-the-day-2021-03-10","status":"publish","type":"post","link":"https:\/\/www.immerheiser.de\/?p=2613","title":{"rendered":"pic-of-the-day-2021-03-10"},"content":{"rendered":"<p>mein heutiges Bild des Tages: &#8222;\u00dcberflug&#8220;. Graug\u00e4nse am Rheinufer bei Bingen. Sie sind h\u00e4ufig von M\u00e4rz bis Oktober in unseren Breitengraden anzutreffen, bevor sie dann in Richtung Mittelmeer fliegen. Graug\u00e4nse haben eine Gr\u00f6\u00dfe von bis zu 90\u00a0cm und eine Fl\u00fcgell\u00e4nge von ca. 45\u00a0cm.<\/p>\n<p>Canon 6D | 200mm | f6.3 | 1\/400 s.<\/p>\n","protected":false},"excerpt":{"rendered":"<p>mein heutiges Bild des Tages: &#8222;\u00dcberflug&#8220;. Graug\u00e4nse am Rheinufer bei Bingen. Sie sind h\u00e4ufig von M\u00e4rz bis Oktober in unseren Breitengraden anzutreffen, bevor sie dann in Richtung Mittelmeer fliegen. Graug\u00e4nse haben eine Gr\u00f6\u00dfe von bis zu 90\u00a0cm und eine Fl\u00fcgell\u00e4nge von ca. 45\u00a0cm. Canon 6D | 200mm | f6.3 | 1\/400 s.<\/p>\n","protected":false},"author":1,"featured_media":2615,"comment_status":"open","ping_status":"open","sticky":false,"template":"","format":"image","meta":{"_jetpack_memberships_contains_paid_content":false,"footnotes":""},"categories":[1],"tags":[333,35,1084,675,1026,679,2096,9,160,527,709,139,656,2097],"class_list":["post-2613","post","type-post","status-publish","format-image","has-post-thumbnail","hentry","category-fotografie","tag-bird","tag-canon","tag-canonphotography","tag-gans","tag-gaense","tag-goose","tag-graugaensen","tag-immerheiser","tag-nature","tag-tiere","tag-tierfotografie","tag-vogel","tag-wildlife","tag-zugvogel","post_format-post-format-image"],"jetpack_featured_media_url":"https:\/\/www.immerheiser.de\/wp-content\/uploads\/2021\/03\/2-Graugaense-c-eric-immerheiser.jpg","jetpack_sharing_enabled":true,"_links":{"self":[{"href":"https:\/\/www.immerheiser.de\/index.php?rest_route=\/wp\/v2\/posts\/2613","targetHints":{"allow":["GET"]}}],"collection":[{"href":"https:\/\/www.immerheiser.de\/index.php?rest_route=\/wp\/v2\/posts"}],"about":[{"href":"https:\/\/www.immerheiser.de\/index.php?rest_route=\/wp\/v2\/types\/post"}],"author":[{"embeddable":true,"href":"https:\/\/www.immerheiser.de\/index.php?rest_route=\/wp\/v2\/users\/1"}],"replies":[{"embeddable":true,"href":"https:\/\/www.immerheiser.de\/index.php?rest_route=%2Fwp%2Fv2%2Fcomments&post=2613"}],"version-history":[{"count":2,"href":"https:\/\/www.immerheiser.de\/index.php?rest_route=\/wp\/v2\/posts\/2613\/revisions"}],"predecessor-version":[{"id":2617,"href":"https:\/\/www.immerheiser.de\/index.php?rest_route=\/wp\/v2\/posts\/2613\/revisions\/2617"}],"wp:featuredmedia":[{"embeddable":true,"href":"https:\/\/www.immerheiser.de\/index.php?rest_route=\/wp\/v2\/media\/2615"}],"wp:attachment":[{"href":"https:\/\/www.immerheiser.de\/index.php?rest_route=%2Fwp%2Fv2%2Fmedia&parent=2613"}],"wp:term":[{"taxonomy":"category","embeddable":true,"href":"https:\/\/www.immerheiser.de\/index.php?rest_route=%2Fwp%2Fv2%2Fcategories&post=2613"},{"taxonomy":"post_tag","embeddable":true,"href":"https:\/\/www.immerheiser.de\/index.php?rest_route=%2Fwp%2Fv2%2Ftags&post=2613"}],"curies":[{"name":"wp","href":"https:\/\/api.w.org\/{rel}","templated":true}]}}