{"id":2604,"date":"2021-03-12T09:00:40","date_gmt":"2021-03-12T08:00:40","guid":{"rendered":"https:\/\/www.immerheiser.de\/?p=2604"},"modified":"2021-03-08T08:52:40","modified_gmt":"2021-03-08T07:52:40","slug":"pic-of-the-day-2021-03-12","status":"publish","type":"post","link":"https:\/\/www.immerheiser.de\/?p=2604","title":{"rendered":"pic-of-the-day-2021-03-12"},"content":{"rendered":"<p>Mein heutiges Bild des Tages: Das Gel\u00e4nde des Wasserwerks in Wiesbaden-Schierstein. Gerade jetzt zu dieser Zeit nisten dort zahlreiche Wei\u00dfst\u00f6rche &#8211; insgesamt knapp 30 Paare ! Die Anlage des Wasserwerks mit seinen Versickerungsbecken sind -neben den Wei\u00dfst\u00f6rchen- auch Lebensraum f\u00fcr viele seltene Pflanzen und Tiere. Es liegt direkt zwischen dem Schiersteiner Hafen und Walluf. Ein sch\u00f6ne und lohnenswerte Runde f\u00fcr einen Sonntagsspaziergang.<\/p>\n<p>iPhone 11 | 4,25mm | f1.8 | 1\/3300 s.<\/p>\n","protected":false},"excerpt":{"rendered":"<p>Mein heutiges Bild des Tages: Das Gel\u00e4nde des Wasserwerks in Wiesbaden-Schierstein. Gerade jetzt zu dieser Zeit nisten dort zahlreiche Wei\u00dfst\u00f6rche &#8211; insgesamt knapp 30 Paare ! Die Anlage des Wasserwerks mit seinen Versickerungsbecken sind -neben den Wei\u00dfst\u00f6rchen- auch Lebensraum f\u00fcr viele seltene Pflanzen und Tiere. Es liegt direkt zwischen dem Schiersteiner Hafen und Walluf. Ein &hellip; <a href=\"https:\/\/www.immerheiser.de\/?p=2604\" class=\"more-link\"><span class=\"screen-reader-text\">\u201epic-of-the-day-2021-03-12\u201c<\/span> weiterlesen<\/a><\/p>\n","protected":false},"author":1,"featured_media":2605,"comment_status":"open","ping_status":"open","sticky":false,"template":"","format":"image","meta":{"_jetpack_memberships_contains_paid_content":false,"footnotes":""},"categories":[1],"tags":[46,2091,9,22,386,23,420,421,29,2092,125],"class_list":["post-2604","post","type-post","status-publish","format-image","has-post-thumbnail","hentry","category-fotografie","tag-hessen","tag-hessenliebe","tag-immerheiser","tag-landschaft","tag-meinhessen","tag-natur","tag-schierstein","tag-schiersteinerhafen","tag-wasser","tag-wasserwerk","tag-wiesbaden","post_format-post-format-image"],"jetpack_featured_media_url":"https:\/\/www.immerheiser.de\/wp-content\/uploads\/2021\/03\/Wasserwerk-Gelaende-Wiesbaden.jpg","jetpack_sharing_enabled":true,"_links":{"self":[{"href":"https:\/\/www.immerheiser.de\/index.php?rest_route=\/wp\/v2\/posts\/2604","targetHints":{"allow":["GET"]}}],"collection":[{"href":"https:\/\/www.immerheiser.de\/index.php?rest_route=\/wp\/v2\/posts"}],"about":[{"href":"https:\/\/www.immerheiser.de\/index.php?rest_route=\/wp\/v2\/types\/post"}],"author":[{"embeddable":true,"href":"https:\/\/www.immerheiser.de\/index.php?rest_route=\/wp\/v2\/users\/1"}],"replies":[{"embeddable":true,"href":"https:\/\/www.immerheiser.de\/index.php?rest_route=%2Fwp%2Fv2%2Fcomments&post=2604"}],"version-history":[{"count":4,"href":"https:\/\/www.immerheiser.de\/index.php?rest_route=\/wp\/v2\/posts\/2604\/revisions"}],"predecessor-version":[{"id":2631,"href":"https:\/\/www.immerheiser.de\/index.php?rest_route=\/wp\/v2\/posts\/2604\/revisions\/2631"}],"wp:featuredmedia":[{"embeddable":true,"href":"https:\/\/www.immerheiser.de\/index.php?rest_route=\/wp\/v2\/media\/2605"}],"wp:attachment":[{"href":"https:\/\/www.immerheiser.de\/index.php?rest_route=%2Fwp%2Fv2%2Fmedia&parent=2604"}],"wp:term":[{"taxonomy":"category","embeddable":true,"href":"https:\/\/www.immerheiser.de\/index.php?rest_route=%2Fwp%2Fv2%2Fcategories&post=2604"},{"taxonomy":"post_tag","embeddable":true,"href":"https:\/\/www.immerheiser.de\/index.php?rest_route=%2Fwp%2Fv2%2Ftags&post=2604"}],"curies":[{"name":"wp","href":"https:\/\/api.w.org\/{rel}","templated":true}]}}