{"id":2556,"date":"2021-02-28T09:00:24","date_gmt":"2021-02-28T08:00:24","guid":{"rendered":"https:\/\/www.immerheiser.de\/?p=2556"},"modified":"2021-02-25T09:00:38","modified_gmt":"2021-02-25T08:00:38","slug":"pic-of-the-day-2021-02-28","status":"publish","type":"post","link":"https:\/\/www.immerheiser.de\/?p=2556","title":{"rendered":"pic-of-the-day-2021-02-28"},"content":{"rendered":"<p>mein heutiges Bild des Tages: Der Binger M\u00e4useturm in den fr\u00fchen Abendstunden. Unterwegs auf einem kleinen Fotowalk durch Bingen kommt man nat\u00fcrlich am M\u00e4useturm nicht vorbei..und wenn er dann noch sch\u00f6n beleuchtet ist, wirkt er nochmal eindrucksvoller.<\/p>\n<p>Canon 6D | 155mm | f10 | 13 sek.<\/p>\n","protected":false},"excerpt":{"rendered":"<p>mein heutiges Bild des Tages: Der Binger M\u00e4useturm in den fr\u00fchen Abendstunden. Unterwegs auf einem kleinen Fotowalk durch Bingen kommt man nat\u00fcrlich am M\u00e4useturm nicht vorbei..und wenn er dann noch sch\u00f6n beleuchtet ist, wirkt er nochmal eindrucksvoller. Canon 6D | 155mm | f10 | 13 sek.<\/p>\n","protected":false},"author":1,"featured_media":2557,"comment_status":"open","ping_status":"open","sticky":false,"template":"","format":"image","meta":{"_jetpack_memberships_contains_paid_content":false,"footnotes":""},"categories":[1],"tags":[212,9,1524,22,1813,377,378,383,26,198,454,379],"class_list":["post-2556","post","type-post","status-publish","format-image","has-post-thumbnail","hentry","category-fotografie","tag-bingen","tag-immerheiser","tag-landmark","tag-landschaft","tag-maus","tag-maeuseturm","tag-micetower","tag-mittelrhein","tag-rhein","tag-sehenswuerdigkeit","tag-tower","tag-turm","post_format-post-format-image"],"jetpack_featured_media_url":"https:\/\/www.immerheiser.de\/wp-content\/uploads\/2021\/02\/Maeuseturm-c-eric-immerheiser.jpg","jetpack_sharing_enabled":true,"_links":{"self":[{"href":"https:\/\/www.immerheiser.de\/index.php?rest_route=\/wp\/v2\/posts\/2556","targetHints":{"allow":["GET"]}}],"collection":[{"href":"https:\/\/www.immerheiser.de\/index.php?rest_route=\/wp\/v2\/posts"}],"about":[{"href":"https:\/\/www.immerheiser.de\/index.php?rest_route=\/wp\/v2\/types\/post"}],"author":[{"embeddable":true,"href":"https:\/\/www.immerheiser.de\/index.php?rest_route=\/wp\/v2\/users\/1"}],"replies":[{"embeddable":true,"href":"https:\/\/www.immerheiser.de\/index.php?rest_route=%2Fwp%2Fv2%2Fcomments&post=2556"}],"version-history":[{"count":1,"href":"https:\/\/www.immerheiser.de\/index.php?rest_route=\/wp\/v2\/posts\/2556\/revisions"}],"predecessor-version":[{"id":2558,"href":"https:\/\/www.immerheiser.de\/index.php?rest_route=\/wp\/v2\/posts\/2556\/revisions\/2558"}],"wp:featuredmedia":[{"embeddable":true,"href":"https:\/\/www.immerheiser.de\/index.php?rest_route=\/wp\/v2\/media\/2557"}],"wp:attachment":[{"href":"https:\/\/www.immerheiser.de\/index.php?rest_route=%2Fwp%2Fv2%2Fmedia&parent=2556"}],"wp:term":[{"taxonomy":"category","embeddable":true,"href":"https:\/\/www.immerheiser.de\/index.php?rest_route=%2Fwp%2Fv2%2Fcategories&post=2556"},{"taxonomy":"post_tag","embeddable":true,"href":"https:\/\/www.immerheiser.de\/index.php?rest_route=%2Fwp%2Fv2%2Ftags&post=2556"}],"curies":[{"name":"wp","href":"https:\/\/api.w.org\/{rel}","templated":true}]}}