{"id":2527,"date":"2021-02-07T09:00:19","date_gmt":"2021-02-07T08:00:19","guid":{"rendered":"https:\/\/www.immerheiser.de\/?p=2527"},"modified":"2021-02-04T20:02:21","modified_gmt":"2021-02-04T19:02:21","slug":"pic-of-the-day-2021-02-07-2","status":"publish","type":"post","link":"https:\/\/www.immerheiser.de\/?p=2527","title":{"rendered":"pic-of-the-day-2021-02-07"},"content":{"rendered":"<p>mein heutiges Bild des Tages: &#8222;Mit Hoffnung und Phantasie meistert man die Pandemie &#8211; Helau&#8220;. Unser Brunnen am Marktplatz in Schwabenheim wurde dieses Mal nicht nur weihnachtlich sondern auch fastnachtlich geschm\u00fcckt. Eine sch\u00f6ne Idee, diesen zu verschiedenen Anl\u00e4ssen immer wieder besonders in Szene zu setzen. Ostern steht auch bald vor der T\u00fcr und der Brunnen darf sich hoffentlich wieder \u00fcber ein &#8222;neues Kleid&#8220; freuen.<\/p>\n<p>Canon 6D | 145mm | f2.8 | 1\/160 s.<\/p>\n","protected":false},"excerpt":{"rendered":"<p>mein heutiges Bild des Tages: &#8222;Mit Hoffnung und Phantasie meistert man die Pandemie &#8211; Helau&#8220;. Unser Brunnen am Marktplatz in Schwabenheim wurde dieses Mal nicht nur weihnachtlich sondern auch fastnachtlich geschm\u00fcckt. Eine sch\u00f6ne Idee, diesen zu verschiedenen Anl\u00e4ssen immer wieder besonders in Szene zu setzen. Ostern steht auch bald vor der T\u00fcr und der Brunnen &hellip; <a href=\"https:\/\/www.immerheiser.de\/?p=2527\" class=\"more-link\"><span class=\"screen-reader-text\">\u201epic-of-the-day-2021-02-07\u201c<\/span> weiterlesen<\/a><\/p>\n","protected":false},"author":1,"featured_media":2528,"comment_status":"open","ping_status":"open","sticky":false,"template":"","format":"image","meta":{"_jetpack_memberships_contains_paid_content":false,"footnotes":""},"categories":[1],"tags":[577,480,2076,2077,2074,2075,9,37,1072,1209,68,328,17],"class_list":["post-2527","post","type-post","status-publish","format-image","has-post-thumbnail","hentry","category-fotografie","tag-brunnen","tag-dekoration","tag-fasching","tag-fassenacht","tag-fastnacht","tag-helau","tag-immerheiser","tag-marktplatz","tag-meinrheinhessen","tag-meinrlp","tag-rheinhessen","tag-rlperleben","tag-schwabenheim","post_format-post-format-image"],"jetpack_featured_media_url":"https:\/\/www.immerheiser.de\/wp-content\/uploads\/2021\/02\/fastnachtsbrunnen.jpg","jetpack_sharing_enabled":true,"_links":{"self":[{"href":"https:\/\/www.immerheiser.de\/index.php?rest_route=\/wp\/v2\/posts\/2527","targetHints":{"allow":["GET"]}}],"collection":[{"href":"https:\/\/www.immerheiser.de\/index.php?rest_route=\/wp\/v2\/posts"}],"about":[{"href":"https:\/\/www.immerheiser.de\/index.php?rest_route=\/wp\/v2\/types\/post"}],"author":[{"embeddable":true,"href":"https:\/\/www.immerheiser.de\/index.php?rest_route=\/wp\/v2\/users\/1"}],"replies":[{"embeddable":true,"href":"https:\/\/www.immerheiser.de\/index.php?rest_route=%2Fwp%2Fv2%2Fcomments&post=2527"}],"version-history":[{"count":2,"href":"https:\/\/www.immerheiser.de\/index.php?rest_route=\/wp\/v2\/posts\/2527\/revisions"}],"predecessor-version":[{"id":2530,"href":"https:\/\/www.immerheiser.de\/index.php?rest_route=\/wp\/v2\/posts\/2527\/revisions\/2530"}],"wp:featuredmedia":[{"embeddable":true,"href":"https:\/\/www.immerheiser.de\/index.php?rest_route=\/wp\/v2\/media\/2528"}],"wp:attachment":[{"href":"https:\/\/www.immerheiser.de\/index.php?rest_route=%2Fwp%2Fv2%2Fmedia&parent=2527"}],"wp:term":[{"taxonomy":"category","embeddable":true,"href":"https:\/\/www.immerheiser.de\/index.php?rest_route=%2Fwp%2Fv2%2Fcategories&post=2527"},{"taxonomy":"post_tag","embeddable":true,"href":"https:\/\/www.immerheiser.de\/index.php?rest_route=%2Fwp%2Fv2%2Ftags&post=2527"}],"curies":[{"name":"wp","href":"https:\/\/api.w.org\/{rel}","templated":true}]}}