{"id":2499,"date":"2021-02-17T09:00:05","date_gmt":"2021-02-17T08:00:05","guid":{"rendered":"https:\/\/www.immerheiser.de\/?p=2499"},"modified":"2021-02-01T11:41:36","modified_gmt":"2021-02-01T10:41:36","slug":"pic-of-the-day-2021-02-17","status":"publish","type":"post","link":"https:\/\/www.immerheiser.de\/?p=2499","title":{"rendered":"pic-of-the-day-2021-02-17"},"content":{"rendered":"<p>Mein heutiges Bild des Tages: Dieser Musikpavillon steht im Parc de la Ciutadella in Barcelona und soll an Sonia Rescalvo Zafra erinnern. Sie war eine Transsexuelle, die 1991 von Neonazis im Park ermordet wurde. Der Parc de la Ciutadella z\u00e4hlt zu den sch\u00f6nsten Erholungs-Anlagen der Stadt und ist auch einer meiner Lieblingspl\u00e4tze dort, den ich immer besuche. Er wurde 1888 zur Weltausstellung angeleg. Fr\u00fcher (1715) stand dort \u00fcbrgens ein sternf\u00f6rmiges Fort. \u00a0Wer Barcelona besucht, der sollte diesem Park auf jeden Fall einen Besuch abstatten. Normalerweise w\u00e4ren wir auch gerade wieder dort gewesen &#8211; aufgrund der Pandemie f\u00e4llt es leider erstmal flach \ud83d\ude41 Letztes Jahr hatten wir noch Gl\u00fcck mit unserem Kurztrip in die Stadt und Corona kam erst einen Monat sp\u00e4ter so richtig auf uns zu. Ich hoffe, dass es dann 2022 wieder m\u00f6glich sein wird, der katalonischen Stadt wieder besuchen zu k\u00f6nnen.<\/p>\n<p>Panasonic FZ-30 | 28mm | f4 | 1\/125 s.<\/p>\n","protected":false},"excerpt":{"rendered":"<p>Mein heutiges Bild des Tages: Dieser Musikpavillon steht im Parc de la Ciutadella in Barcelona und soll an Sonia Rescalvo Zafra erinnern. Sie war eine Transsexuelle, die 1991 von Neonazis im Park ermordet wurde. Der Parc de la Ciutadella z\u00e4hlt zu den sch\u00f6nsten Erholungs-Anlagen der Stadt und ist auch einer meiner Lieblingspl\u00e4tze dort, den ich &hellip; <a href=\"https:\/\/www.immerheiser.de\/?p=2499\" class=\"more-link\"><span class=\"screen-reader-text\">\u201epic-of-the-day-2021-02-17\u201c<\/span> weiterlesen<\/a><\/p>\n","protected":false},"author":1,"featured_media":2501,"comment_status":"open","ping_status":"open","sticky":false,"template":"","format":"standard","meta":{"_jetpack_memberships_contains_paid_content":false,"footnotes":""},"categories":[1],"tags":[80,1560,9,1345,1524,2058,1374,808,489,165,745,196,158,265,631,2059],"class_list":["post-2499","post","type-post","status-publish","format-standard","has-post-thumbnail","hentry","category-fotografie","tag-barcelona","tag-ciutadella","tag-immerheiser","tag-katalonien","tag-landmark","tag-musikpavillon","tag-parc","tag-park","tag-pavillon","tag-reisen","tag-sightseeing","tag-spain","tag-spanien","tag-travel","tag-unterwegs","tag-zafra"],"jetpack_featured_media_url":"https:\/\/www.immerheiser.de\/wp-content\/uploads\/2021\/02\/Musikpavillon.jpg","jetpack_sharing_enabled":true,"_links":{"self":[{"href":"https:\/\/www.immerheiser.de\/index.php?rest_route=\/wp\/v2\/posts\/2499","targetHints":{"allow":["GET"]}}],"collection":[{"href":"https:\/\/www.immerheiser.de\/index.php?rest_route=\/wp\/v2\/posts"}],"about":[{"href":"https:\/\/www.immerheiser.de\/index.php?rest_route=\/wp\/v2\/types\/post"}],"author":[{"embeddable":true,"href":"https:\/\/www.immerheiser.de\/index.php?rest_route=\/wp\/v2\/users\/1"}],"replies":[{"embeddable":true,"href":"https:\/\/www.immerheiser.de\/index.php?rest_route=%2Fwp%2Fv2%2Fcomments&post=2499"}],"version-history":[{"count":2,"href":"https:\/\/www.immerheiser.de\/index.php?rest_route=\/wp\/v2\/posts\/2499\/revisions"}],"predecessor-version":[{"id":2503,"href":"https:\/\/www.immerheiser.de\/index.php?rest_route=\/wp\/v2\/posts\/2499\/revisions\/2503"}],"wp:featuredmedia":[{"embeddable":true,"href":"https:\/\/www.immerheiser.de\/index.php?rest_route=\/wp\/v2\/media\/2501"}],"wp:attachment":[{"href":"https:\/\/www.immerheiser.de\/index.php?rest_route=%2Fwp%2Fv2%2Fmedia&parent=2499"}],"wp:term":[{"taxonomy":"category","embeddable":true,"href":"https:\/\/www.immerheiser.de\/index.php?rest_route=%2Fwp%2Fv2%2Fcategories&post=2499"},{"taxonomy":"post_tag","embeddable":true,"href":"https:\/\/www.immerheiser.de\/index.php?rest_route=%2Fwp%2Fv2%2Ftags&post=2499"}],"curies":[{"name":"wp","href":"https:\/\/api.w.org\/{rel}","templated":true}]}}