{"id":2437,"date":"2021-02-19T09:00:39","date_gmt":"2021-02-19T08:00:39","guid":{"rendered":"https:\/\/www.immerheiser.de\/?p=2437"},"modified":"2021-02-02T19:43:28","modified_gmt":"2021-02-02T18:43:28","slug":"pic-of-the-day-2021-02-19","status":"publish","type":"post","link":"https:\/\/www.immerheiser.de\/?p=2437","title":{"rendered":"pic-of-the-day-2021-02-19"},"content":{"rendered":"<p>mein heutiges Bild des Tages: &#8222;Mare Nostrum&#8220;. Es ist der Hauptsitz der Gasfirma &#8222;Gas Natural*&#8220; in Barcelona (im Viertel\u00a0Barceloneta am gleichnamigen Strand). Erbaut wurde das moderne Geb\u00e4ude -auch &#8222;Mare Nostrum Turm&#8220; genannt- mit seiner riesigen Glasfassade im Jahr 2006. Insgesamt wurden 3 Geb\u00e4ude miteinander verbunden, von denen der auff\u00e4lligste Teil hier auf dem Bild als Detailaufnahme zu sehen ist. Barcelona ist eine wirklich tolle Stadt mit vielen Sehensw\u00fcrdigkeiten, die ich immer wieder gerne besuche &#8211; was hoffentlich bald wieder m\u00f6glich sein wird.<\/p>\n<p>*) unbezahlte Werbung weil Namensnennung<\/p>\n<p>Panasonic FZ-30 | 24mm | f.4.5 | 1\/125 s.<\/p>\n","protected":false},"excerpt":{"rendered":"<p>mein heutiges Bild des Tages: &#8222;Mare Nostrum&#8220;. Es ist der Hauptsitz der Gasfirma &#8222;Gas Natural*&#8220; in Barcelona (im Viertel\u00a0Barceloneta am gleichnamigen Strand). Erbaut wurde das moderne Geb\u00e4ude -auch &#8222;Mare Nostrum Turm&#8220; genannt- mit seiner riesigen Glasfassade im Jahr 2006. Insgesamt wurden 3 Geb\u00e4ude miteinander verbunden, von denen der auff\u00e4lligste Teil hier auf dem Bild als &hellip; <a href=\"https:\/\/www.immerheiser.de\/?p=2437\" class=\"more-link\"><span class=\"screen-reader-text\">\u201epic-of-the-day-2021-02-19\u201c<\/span> weiterlesen<\/a><\/p>\n","protected":false},"author":1,"featured_media":2438,"comment_status":"open","ping_status":"open","sticky":false,"template":"","format":"standard","meta":{"_jetpack_memberships_contains_paid_content":false,"footnotes":""},"categories":[1,153],"tags":[80,2002,261,752,2000,1999,684,9,2003,2001,5,196,158,454,265,631],"class_list":["post-2437","post","type-post","status-publish","format-standard","has-post-thumbnail","hentry","category-fotografie","category-reisen","tag-barcelona","tag-barceloneta","tag-building","tag-espagna","tag-gas","tag-gasnatural","tag-glas","tag-immerheiser","tag-marenostrum","tag-office","tag-reise","tag-spain","tag-spanien","tag-tower","tag-travel","tag-unterwegs"],"jetpack_featured_media_url":"https:\/\/www.immerheiser.de\/wp-content\/uploads\/2021\/01\/P1090611_ed-1024x768-1.jpg","jetpack_sharing_enabled":true,"_links":{"self":[{"href":"https:\/\/www.immerheiser.de\/index.php?rest_route=\/wp\/v2\/posts\/2437","targetHints":{"allow":["GET"]}}],"collection":[{"href":"https:\/\/www.immerheiser.de\/index.php?rest_route=\/wp\/v2\/posts"}],"about":[{"href":"https:\/\/www.immerheiser.de\/index.php?rest_route=\/wp\/v2\/types\/post"}],"author":[{"embeddable":true,"href":"https:\/\/www.immerheiser.de\/index.php?rest_route=\/wp\/v2\/users\/1"}],"replies":[{"embeddable":true,"href":"https:\/\/www.immerheiser.de\/index.php?rest_route=%2Fwp%2Fv2%2Fcomments&post=2437"}],"version-history":[{"count":4,"href":"https:\/\/www.immerheiser.de\/index.php?rest_route=\/wp\/v2\/posts\/2437\/revisions"}],"predecessor-version":[{"id":2510,"href":"https:\/\/www.immerheiser.de\/index.php?rest_route=\/wp\/v2\/posts\/2437\/revisions\/2510"}],"wp:featuredmedia":[{"embeddable":true,"href":"https:\/\/www.immerheiser.de\/index.php?rest_route=\/wp\/v2\/media\/2438"}],"wp:attachment":[{"href":"https:\/\/www.immerheiser.de\/index.php?rest_route=%2Fwp%2Fv2%2Fmedia&parent=2437"}],"wp:term":[{"taxonomy":"category","embeddable":true,"href":"https:\/\/www.immerheiser.de\/index.php?rest_route=%2Fwp%2Fv2%2Fcategories&post=2437"},{"taxonomy":"post_tag","embeddable":true,"href":"https:\/\/www.immerheiser.de\/index.php?rest_route=%2Fwp%2Fv2%2Ftags&post=2437"}],"curies":[{"name":"wp","href":"https:\/\/api.w.org\/{rel}","templated":true}]}}