{"id":2260,"date":"2020-12-28T09:00:10","date_gmt":"2020-12-28T08:00:10","guid":{"rendered":"https:\/\/www.immerheiser.de\/?p=2260"},"modified":"2020-12-20T18:37:28","modified_gmt":"2020-12-20T17:37:28","slug":"pic-of-the-day-2020-12-28","status":"publish","type":"post","link":"https:\/\/www.immerheiser.de\/?p=2260","title":{"rendered":"pic-of-the-day-2020-12-28"},"content":{"rendered":"<p>mein heutiges Bild des Tages: &#8222;Der Untersberg&#8220;. Der 1972m hohe Untersberg ist mit rund 70 km\u00b2 Gesamtfl\u00e4che das n\u00f6rdlichste BergMassiv der Berchtesgadener Alpen. Im Inneren befinden zahlreiche H\u00f6hlen und mit \u00fcber 20km sogar\u00a0die l\u00e4ngste und mit knapp 1150 m die tiefste H\u00f6hle Deutschlands. Ein sagenumwobener Berg, um den sich zahlreiche Mythen &amp; Legenden ranken. Das Foto entstand w\u00e4hrend einer beruflichen Reise in das \u00d6rtchen Ainring, direkt im \u00f6sterreichischen Grenzgebiet.<\/p>\n<p>Canon 5D \u00b5ark IV | 100mm | f9 | 1\/400 s.<\/p>\n","protected":false},"excerpt":{"rendered":"<p>mein heutiges Bild des Tages: &#8222;Der Untersberg&#8220;. Der 1972m hohe Untersberg ist mit rund 70 km\u00b2 Gesamtfl\u00e4che das n\u00f6rdlichste BergMassiv der Berchtesgadener Alpen. Im Inneren befinden zahlreiche H\u00f6hlen und mit \u00fcber 20km sogar\u00a0die l\u00e4ngste und mit knapp 1150 m die tiefste H\u00f6hle Deutschlands. Ein sagenumwobener Berg, um den sich zahlreiche Mythen &amp; Legenden ranken. Das &hellip; <a href=\"https:\/\/www.immerheiser.de\/?p=2260\" class=\"more-link\"><span class=\"screen-reader-text\">\u201epic-of-the-day-2020-12-28\u201c<\/span> weiterlesen<\/a><\/p>\n","protected":false},"author":1,"featured_media":2263,"comment_status":"open","ping_status":"open","sticky":false,"template":"","format":"image","meta":{"_jetpack_memberships_contains_paid_content":false,"footnotes":""},"categories":[1,153],"tags":[881,205,880,134,1913,1912,442,9,1495,160,5,203,265,534,878,631],"class_list":["post-2260","post","type-post","status-publish","format-image","has-post-thumbnail","hentry","category-fotografie","category-reisen","tag-ainring","tag-austria","tag-berchtesgadenerland","tag-berg","tag-bergmassiv","tag-bgl","tag-germany","tag-immerheiser","tag-mountain","tag-nature","tag-reise","tag-salzburg","tag-travel","tag-travelling","tag-untersberg","tag-unterwegs","post_format-post-format-image"],"jetpack_featured_media_url":"https:\/\/www.immerheiser.de\/wp-content\/uploads\/2020\/12\/Untersberg-Salzburg.jpg","jetpack_sharing_enabled":true,"_links":{"self":[{"href":"https:\/\/www.immerheiser.de\/index.php?rest_route=\/wp\/v2\/posts\/2260","targetHints":{"allow":["GET"]}}],"collection":[{"href":"https:\/\/www.immerheiser.de\/index.php?rest_route=\/wp\/v2\/posts"}],"about":[{"href":"https:\/\/www.immerheiser.de\/index.php?rest_route=\/wp\/v2\/types\/post"}],"author":[{"embeddable":true,"href":"https:\/\/www.immerheiser.de\/index.php?rest_route=\/wp\/v2\/users\/1"}],"replies":[{"embeddable":true,"href":"https:\/\/www.immerheiser.de\/index.php?rest_route=%2Fwp%2Fv2%2Fcomments&post=2260"}],"version-history":[{"count":3,"href":"https:\/\/www.immerheiser.de\/index.php?rest_route=\/wp\/v2\/posts\/2260\/revisions"}],"predecessor-version":[{"id":2264,"href":"https:\/\/www.immerheiser.de\/index.php?rest_route=\/wp\/v2\/posts\/2260\/revisions\/2264"}],"wp:featuredmedia":[{"embeddable":true,"href":"https:\/\/www.immerheiser.de\/index.php?rest_route=\/wp\/v2\/media\/2263"}],"wp:attachment":[{"href":"https:\/\/www.immerheiser.de\/index.php?rest_route=%2Fwp%2Fv2%2Fmedia&parent=2260"}],"wp:term":[{"taxonomy":"category","embeddable":true,"href":"https:\/\/www.immerheiser.de\/index.php?rest_route=%2Fwp%2Fv2%2Fcategories&post=2260"},{"taxonomy":"post_tag","embeddable":true,"href":"https:\/\/www.immerheiser.de\/index.php?rest_route=%2Fwp%2Fv2%2Ftags&post=2260"}],"curies":[{"name":"wp","href":"https:\/\/api.w.org\/{rel}","templated":true}]}}