{"id":2234,"date":"2020-12-23T09:00:58","date_gmt":"2020-12-23T08:00:58","guid":{"rendered":"https:\/\/www.immerheiser.de\/?p=2234"},"modified":"2020-12-20T13:48:05","modified_gmt":"2020-12-20T12:48:05","slug":"pic-of-the-day-2020-12-23","status":"publish","type":"post","link":"https:\/\/www.immerheiser.de\/?p=2234","title":{"rendered":"pic-of-the-day-2020-12-23"},"content":{"rendered":"<p>mein heutiges Bild des Tages: &#8222;Elisabethen-Wehr&#8220;. Das Bild -bei einem Spaziergang durch Bad Kreuznach aufgenommen- zeigt die Nahe am Elisabethen-Wehr, der s\u00fcdlichen Grenze des Naturschutzgebietes . Hier trennt sich die Nahe (links) vom M\u00fchlenteich (rechts), der zu den bekannten Br\u00fcckenh\u00e4usern f\u00fchrt.<\/p>\n<p>Canon 6D | 17mm | f.5.6 | 1\/160 s.<\/p>\n","protected":false},"excerpt":{"rendered":"<p>mein heutiges Bild des Tages: &#8222;Elisabethen-Wehr&#8220;. Das Bild -bei einem Spaziergang durch Bad Kreuznach aufgenommen- zeigt die Nahe am Elisabethen-Wehr, der s\u00fcdlichen Grenze des Naturschutzgebietes . Hier trennt sich die Nahe (links) vom M\u00fchlenteich (rechts), der zu den bekannten Br\u00fcckenh\u00e4usern f\u00fchrt. Canon 6D | 17mm | f.5.6 | 1\/160 s.<\/p>\n","protected":false},"author":1,"featured_media":2235,"comment_status":"open","ping_status":"open","sticky":false,"template":"","format":"image","meta":{"_jetpack_memberships_contains_paid_content":false,"footnotes":""},"categories":[1],"tags":[19,440,9,699,22,1072,1107,611,23,68,428,33],"class_list":["post-2234","post","type-post","status-publish","format-image","has-post-thumbnail","hentry","category-fotografie","tag-bad-kreuznach","tag-fluss","tag-immerheiser","tag-kh","tag-landschaft","tag-meinrheinhessen","tag-meinrheinlandpfalz","tag-nahe","tag-natur","tag-rheinhessen","tag-rheinlandpfalz","tag-rlp","post_format-post-format-image"],"jetpack_featured_media_url":"https:\/\/www.immerheiser.de\/wp-content\/uploads\/2020\/12\/elisabethenwehr.jpg","jetpack_sharing_enabled":true,"_links":{"self":[{"href":"https:\/\/www.immerheiser.de\/index.php?rest_route=\/wp\/v2\/posts\/2234","targetHints":{"allow":["GET"]}}],"collection":[{"href":"https:\/\/www.immerheiser.de\/index.php?rest_route=\/wp\/v2\/posts"}],"about":[{"href":"https:\/\/www.immerheiser.de\/index.php?rest_route=\/wp\/v2\/types\/post"}],"author":[{"embeddable":true,"href":"https:\/\/www.immerheiser.de\/index.php?rest_route=\/wp\/v2\/users\/1"}],"replies":[{"embeddable":true,"href":"https:\/\/www.immerheiser.de\/index.php?rest_route=%2Fwp%2Fv2%2Fcomments&post=2234"}],"version-history":[{"count":3,"href":"https:\/\/www.immerheiser.de\/index.php?rest_route=\/wp\/v2\/posts\/2234\/revisions"}],"predecessor-version":[{"id":2238,"href":"https:\/\/www.immerheiser.de\/index.php?rest_route=\/wp\/v2\/posts\/2234\/revisions\/2238"}],"wp:featuredmedia":[{"embeddable":true,"href":"https:\/\/www.immerheiser.de\/index.php?rest_route=\/wp\/v2\/media\/2235"}],"wp:attachment":[{"href":"https:\/\/www.immerheiser.de\/index.php?rest_route=%2Fwp%2Fv2%2Fmedia&parent=2234"}],"wp:term":[{"taxonomy":"category","embeddable":true,"href":"https:\/\/www.immerheiser.de\/index.php?rest_route=%2Fwp%2Fv2%2Fcategories&post=2234"},{"taxonomy":"post_tag","embeddable":true,"href":"https:\/\/www.immerheiser.de\/index.php?rest_route=%2Fwp%2Fv2%2Ftags&post=2234"}],"curies":[{"name":"wp","href":"https:\/\/api.w.org\/{rel}","templated":true}]}}