{"id":2040,"date":"2020-11-10T09:00:20","date_gmt":"2020-11-10T08:00:20","guid":{"rendered":"https:\/\/www.immerheiser.de\/?p=2040"},"modified":"2020-11-04T10:42:06","modified_gmt":"2020-11-04T09:42:06","slug":"pic-of-the-day-2020-11-10","status":"publish","type":"post","link":"https:\/\/www.immerheiser.de\/?p=2040","title":{"rendered":"pic-of-the-day-2020-11-10"},"content":{"rendered":"<p>mein heutiges Bild des Tages: Herbstfarben. Diese farbenfrohe Baumgruppe habe ich in der Rh\u00f6n fotografiert. So langsam neigt sich der Bl\u00e4tterwurf dem Ende zu und die B\u00e4ume werden wieder trist &#8211; aber der n\u00e4chste Fr\u00fchling kommt bestimmt&#8230;geben wir also der Natur ein bisschen Zeit, sich wieder mit voller Kraft ins neue Jahr zu st\u00fcrzen.<\/p>\n<p>DJI Mavic Air | 4,5mm | f2.8 | 1\/13 s.<\/p>\n<p>&nbsp;<\/p>\n","protected":false},"excerpt":{"rendered":"<p>mein heutiges Bild des Tages: Herbstfarben. Diese farbenfrohe Baumgruppe habe ich in der Rh\u00f6n fotografiert. So langsam neigt sich der Bl\u00e4tterwurf dem Ende zu und die B\u00e4ume werden wieder trist &#8211; aber der n\u00e4chste Fr\u00fchling kommt bestimmt&#8230;geben wir also der Natur ein bisschen Zeit, sich wieder mit voller Kraft ins neue Jahr zu st\u00fcrzen. DJI &hellip; <a href=\"https:\/\/www.immerheiser.de\/?p=2040\" class=\"more-link\"><span class=\"screen-reader-text\">\u201epic-of-the-day-2020-11-10\u201c<\/span> weiterlesen<\/a><\/p>\n","protected":false},"author":1,"featured_media":2041,"comment_status":"closed","ping_status":"open","sticky":false,"template":"","format":"image","meta":{"_jetpack_memberships_contains_paid_content":false,"footnotes":""},"categories":[1],"tags":[514,632,141,263,39,459,264,143,9,249,22,23,633],"class_list":["post-2040","post","type-post","status-publish","format-image","has-post-thumbnail","hentry","category-fotografie","tag-aerial","tag-baum","tag-bunt","tag-colors","tag-dji","tag-drone","tag-farben","tag-herbst","tag-immerheiser","tag-landscape","tag-landschaft","tag-natur","tag-tree","post_format-post-format-image"],"jetpack_featured_media_url":"https:\/\/www.immerheiser.de\/wp-content\/uploads\/2020\/11\/Farben-des-Herbst.jpg","jetpack_sharing_enabled":true,"_links":{"self":[{"href":"https:\/\/www.immerheiser.de\/index.php?rest_route=\/wp\/v2\/posts\/2040","targetHints":{"allow":["GET"]}}],"collection":[{"href":"https:\/\/www.immerheiser.de\/index.php?rest_route=\/wp\/v2\/posts"}],"about":[{"href":"https:\/\/www.immerheiser.de\/index.php?rest_route=\/wp\/v2\/types\/post"}],"author":[{"embeddable":true,"href":"https:\/\/www.immerheiser.de\/index.php?rest_route=\/wp\/v2\/users\/1"}],"replies":[{"embeddable":true,"href":"https:\/\/www.immerheiser.de\/index.php?rest_route=%2Fwp%2Fv2%2Fcomments&post=2040"}],"version-history":[{"count":1,"href":"https:\/\/www.immerheiser.de\/index.php?rest_route=\/wp\/v2\/posts\/2040\/revisions"}],"predecessor-version":[{"id":2042,"href":"https:\/\/www.immerheiser.de\/index.php?rest_route=\/wp\/v2\/posts\/2040\/revisions\/2042"}],"wp:featuredmedia":[{"embeddable":true,"href":"https:\/\/www.immerheiser.de\/index.php?rest_route=\/wp\/v2\/media\/2041"}],"wp:attachment":[{"href":"https:\/\/www.immerheiser.de\/index.php?rest_route=%2Fwp%2Fv2%2Fmedia&parent=2040"}],"wp:term":[{"taxonomy":"category","embeddable":true,"href":"https:\/\/www.immerheiser.de\/index.php?rest_route=%2Fwp%2Fv2%2Fcategories&post=2040"},{"taxonomy":"post_tag","embeddable":true,"href":"https:\/\/www.immerheiser.de\/index.php?rest_route=%2Fwp%2Fv2%2Ftags&post=2040"}],"curies":[{"name":"wp","href":"https:\/\/api.w.org\/{rel}","templated":true}]}}