{"id":1989,"date":"2020-10-27T09:00:33","date_gmt":"2020-10-27T08:00:33","guid":{"rendered":"https:\/\/www.immerheiser.de\/?p=1989"},"modified":"2020-10-14T15:49:48","modified_gmt":"2020-10-14T13:49:48","slug":"pic-of-the-day-2020-10-27","status":"publish","type":"post","link":"https:\/\/www.immerheiser.de\/?p=1989","title":{"rendered":"pic-of-the-day-2020-10-27"},"content":{"rendered":"<p>mein heutiges Bild des Tages: autumn-colors. Hab ich schon erw\u00e4hnt, wie sch\u00f6n die Herbstzeit zum fotografieren ist ? Ich glaube ja \ud83d\ude42<br \/>\nHeute ein Pilz (ich wei\u00df nicht um welchen es sich hier f\u00fcr einer handelt) eingebettet in farbenfrohem Herbstlaub. Die Natur bietet einfach die sch\u00f6nsten Motive &#8211; und dieses hier wollte ich Euch nicht vorenthalten.<\/p>\n<p>Canon 60D | 200mm | f4 | 1\/80 s.<\/p>\n","protected":false},"excerpt":{"rendered":"<p>mein heutiges Bild des Tages: autumn-colors. Hab ich schon erw\u00e4hnt, wie sch\u00f6n die Herbstzeit zum fotografieren ist ? Ich glaube ja \ud83d\ude42 Heute ein Pilz (ich wei\u00df nicht um welchen es sich hier f\u00fcr einer handelt) eingebettet in farbenfrohem Herbstlaub. Die Natur bietet einfach die sch\u00f6nsten Motive &#8211; und dieses hier wollte ich Euch nicht &hellip; <a href=\"https:\/\/www.immerheiser.de\/?p=1989\" class=\"more-link\"><span class=\"screen-reader-text\">\u201epic-of-the-day-2020-10-27\u201c<\/span> weiterlesen<\/a><\/p>\n","protected":false},"author":1,"featured_media":1990,"comment_status":"closed","ping_status":"open","sticky":false,"template":"","format":"image","meta":{"_jetpack_memberships_contains_paid_content":false,"footnotes":""},"categories":[1],"tags":[237,297,298,143,1778,144,238,210,160,206],"class_list":["post-1989","post","type-post","status-publish","format-image","has-post-thumbnail","hentry","category-fotografie","tag-autumn","tag-blaetter","tag-fall","tag-herbst","tag-herbstzeit","tag-laub","tag-leaf","tag-mushroom","tag-nature","tag-pilz","post_format-post-format-image"],"jetpack_featured_media_url":"https:\/\/www.immerheiser.de\/wp-content\/uploads\/2020\/10\/autumn-colors.jpg","jetpack_sharing_enabled":true,"_links":{"self":[{"href":"https:\/\/www.immerheiser.de\/index.php?rest_route=\/wp\/v2\/posts\/1989","targetHints":{"allow":["GET"]}}],"collection":[{"href":"https:\/\/www.immerheiser.de\/index.php?rest_route=\/wp\/v2\/posts"}],"about":[{"href":"https:\/\/www.immerheiser.de\/index.php?rest_route=\/wp\/v2\/types\/post"}],"author":[{"embeddable":true,"href":"https:\/\/www.immerheiser.de\/index.php?rest_route=\/wp\/v2\/users\/1"}],"replies":[{"embeddable":true,"href":"https:\/\/www.immerheiser.de\/index.php?rest_route=%2Fwp%2Fv2%2Fcomments&post=1989"}],"version-history":[{"count":1,"href":"https:\/\/www.immerheiser.de\/index.php?rest_route=\/wp\/v2\/posts\/1989\/revisions"}],"predecessor-version":[{"id":1991,"href":"https:\/\/www.immerheiser.de\/index.php?rest_route=\/wp\/v2\/posts\/1989\/revisions\/1991"}],"wp:featuredmedia":[{"embeddable":true,"href":"https:\/\/www.immerheiser.de\/index.php?rest_route=\/wp\/v2\/media\/1990"}],"wp:attachment":[{"href":"https:\/\/www.immerheiser.de\/index.php?rest_route=%2Fwp%2Fv2%2Fmedia&parent=1989"}],"wp:term":[{"taxonomy":"category","embeddable":true,"href":"https:\/\/www.immerheiser.de\/index.php?rest_route=%2Fwp%2Fv2%2Fcategories&post=1989"},{"taxonomy":"post_tag","embeddable":true,"href":"https:\/\/www.immerheiser.de\/index.php?rest_route=%2Fwp%2Fv2%2Ftags&post=1989"}],"curies":[{"name":"wp","href":"https:\/\/api.w.org\/{rel}","templated":true}]}}