{"id":1950,"date":"2020-10-16T09:00:52","date_gmt":"2020-10-16T07:00:52","guid":{"rendered":"https:\/\/www.immerheiser.de\/?p=1950"},"modified":"2020-10-07T15:48:09","modified_gmt":"2020-10-07T13:48:09","slug":"pic-of-the-day-2020-10-16","status":"publish","type":"post","link":"https:\/\/www.immerheiser.de\/?p=1950","title":{"rendered":"pic-of-the-day-2020-10-16"},"content":{"rendered":"<p>mein heutiges Bild des Tages: &#8222;Blattabwurf&#8220;. Im Herbst fallen die Bl\u00e4tter und mit jedem Blattabwurf sorgen die B\u00e4ume daf\u00fcr, dass ihnen im n\u00e4chsten Fr\u00fchjahr gen\u00fcgend N\u00e4hrstoffe zur Verf\u00fcgung stehen. K\u00e4fer und andere bodennahe Lebewesen helfen dabei, das Laub in Humus, also n\u00e4hrstoffreichen Boden, umzuwandeln.<br \/>\nFotografisch gesehen mit die sch\u00f6nste Jahreszeit, die zahlreiche Motive bietet.<\/p>\n<p>Canon 6D | 105mm | f5.6 | 1\/100 s.<\/p>\n","protected":false},"excerpt":{"rendered":"<p>mein heutiges Bild des Tages: &#8222;Blattabwurf&#8220;. Im Herbst fallen die Bl\u00e4tter und mit jedem Blattabwurf sorgen die B\u00e4ume daf\u00fcr, dass ihnen im n\u00e4chsten Fr\u00fchjahr gen\u00fcgend N\u00e4hrstoffe zur Verf\u00fcgung stehen. K\u00e4fer und andere bodennahe Lebewesen helfen dabei, das Laub in Humus, also n\u00e4hrstoffreichen Boden, umzuwandeln. Fotografisch gesehen mit die sch\u00f6nste Jahreszeit, die zahlreiche Motive bietet. Canon &hellip; <a href=\"https:\/\/www.immerheiser.de\/?p=1950\" class=\"more-link\"><span class=\"screen-reader-text\">\u201epic-of-the-day-2020-10-16\u201c<\/span> weiterlesen<\/a><\/p>\n","protected":false},"author":1,"featured_media":1951,"comment_status":"closed","ping_status":"open","sticky":false,"template":"","format":"image","meta":{"_jetpack_memberships_contains_paid_content":false,"footnotes":""},"categories":[1],"tags":[237,142,298,143,9,1738,160],"class_list":["post-1950","post","type-post","status-publish","format-image","has-post-thumbnail","hentry","category-fotografie","tag-autumn","tag-blatt","tag-fall","tag-herbst","tag-immerheiser","tag-jahreszeit","tag-nature","post_format-post-format-image"],"jetpack_featured_media_url":"https:\/\/www.immerheiser.de\/wp-content\/uploads\/2020\/10\/Herbstblatt.jpg","jetpack_sharing_enabled":true,"_links":{"self":[{"href":"https:\/\/www.immerheiser.de\/index.php?rest_route=\/wp\/v2\/posts\/1950","targetHints":{"allow":["GET"]}}],"collection":[{"href":"https:\/\/www.immerheiser.de\/index.php?rest_route=\/wp\/v2\/posts"}],"about":[{"href":"https:\/\/www.immerheiser.de\/index.php?rest_route=\/wp\/v2\/types\/post"}],"author":[{"embeddable":true,"href":"https:\/\/www.immerheiser.de\/index.php?rest_route=\/wp\/v2\/users\/1"}],"replies":[{"embeddable":true,"href":"https:\/\/www.immerheiser.de\/index.php?rest_route=%2Fwp%2Fv2%2Fcomments&post=1950"}],"version-history":[{"count":1,"href":"https:\/\/www.immerheiser.de\/index.php?rest_route=\/wp\/v2\/posts\/1950\/revisions"}],"predecessor-version":[{"id":1952,"href":"https:\/\/www.immerheiser.de\/index.php?rest_route=\/wp\/v2\/posts\/1950\/revisions\/1952"}],"wp:featuredmedia":[{"embeddable":true,"href":"https:\/\/www.immerheiser.de\/index.php?rest_route=\/wp\/v2\/media\/1951"}],"wp:attachment":[{"href":"https:\/\/www.immerheiser.de\/index.php?rest_route=%2Fwp%2Fv2%2Fmedia&parent=1950"}],"wp:term":[{"taxonomy":"category","embeddable":true,"href":"https:\/\/www.immerheiser.de\/index.php?rest_route=%2Fwp%2Fv2%2Fcategories&post=1950"},{"taxonomy":"post_tag","embeddable":true,"href":"https:\/\/www.immerheiser.de\/index.php?rest_route=%2Fwp%2Fv2%2Ftags&post=1950"}],"curies":[{"name":"wp","href":"https:\/\/api.w.org\/{rel}","templated":true}]}}