{"id":1891,"date":"2020-09-29T09:00:47","date_gmt":"2020-09-29T07:00:47","guid":{"rendered":"https:\/\/www.immerheiser.de\/?p=1891"},"modified":"2020-09-24T10:17:53","modified_gmt":"2020-09-24T08:17:53","slug":"pic-of-the-day-2020-09-29","status":"publish","type":"post","link":"https:\/\/www.immerheiser.de\/?p=1891","title":{"rendered":"pic-of-the-day-2020-09-29"},"content":{"rendered":"<p>mein heutiges Bild des Tages: &#8222;Abendsonne&#8220; &#8211; Das Bild entstand im Biebricher Schlosspark in Wiesbaden w\u00e4hrend der fr\u00fchen Abendstunden eines sch\u00f6nen Herbsttages und war eines der ersten Testfotos mit der Canon 5D Mark IV.<\/p>\n<p>Canon 5D Mark IV | 35mm | f4 | 1\/250 s.<\/p>\n","protected":false},"excerpt":{"rendered":"<p>mein heutiges Bild des Tages: &#8222;Abendsonne&#8220; &#8211; Das Bild entstand im Biebricher Schlosspark in Wiesbaden w\u00e4hrend der fr\u00fchen Abendstunden eines sch\u00f6nen Herbsttages und war eines der ersten Testfotos mit der Canon 5D Mark IV. Canon 5D Mark IV | 35mm | f4 | 1\/250 s.<\/p>\n","protected":false},"author":1,"featured_media":1892,"comment_status":"closed","ping_status":"open","sticky":false,"template":"","format":"image","meta":{"_jetpack_memberships_contains_paid_content":false,"footnotes":""},"categories":[1],"tags":[122,237,632,298,143,9,22,23,160,633],"class_list":["post-1891","post","type-post","status-publish","format-image","has-post-thumbnail","hentry","category-fotografie","tag-abendsonne","tag-autumn","tag-baum","tag-fall","tag-herbst","tag-immerheiser","tag-landschaft","tag-natur","tag-nature","tag-tree","post_format-post-format-image"],"jetpack_featured_media_url":"https:\/\/www.immerheiser.de\/wp-content\/uploads\/2020\/09\/abendsonne.jpg","jetpack_sharing_enabled":true,"_links":{"self":[{"href":"https:\/\/www.immerheiser.de\/index.php?rest_route=\/wp\/v2\/posts\/1891","targetHints":{"allow":["GET"]}}],"collection":[{"href":"https:\/\/www.immerheiser.de\/index.php?rest_route=\/wp\/v2\/posts"}],"about":[{"href":"https:\/\/www.immerheiser.de\/index.php?rest_route=\/wp\/v2\/types\/post"}],"author":[{"embeddable":true,"href":"https:\/\/www.immerheiser.de\/index.php?rest_route=\/wp\/v2\/users\/1"}],"replies":[{"embeddable":true,"href":"https:\/\/www.immerheiser.de\/index.php?rest_route=%2Fwp%2Fv2%2Fcomments&post=1891"}],"version-history":[{"count":1,"href":"https:\/\/www.immerheiser.de\/index.php?rest_route=\/wp\/v2\/posts\/1891\/revisions"}],"predecessor-version":[{"id":1893,"href":"https:\/\/www.immerheiser.de\/index.php?rest_route=\/wp\/v2\/posts\/1891\/revisions\/1893"}],"wp:featuredmedia":[{"embeddable":true,"href":"https:\/\/www.immerheiser.de\/index.php?rest_route=\/wp\/v2\/media\/1892"}],"wp:attachment":[{"href":"https:\/\/www.immerheiser.de\/index.php?rest_route=%2Fwp%2Fv2%2Fmedia&parent=1891"}],"wp:term":[{"taxonomy":"category","embeddable":true,"href":"https:\/\/www.immerheiser.de\/index.php?rest_route=%2Fwp%2Fv2%2Fcategories&post=1891"},{"taxonomy":"post_tag","embeddable":true,"href":"https:\/\/www.immerheiser.de\/index.php?rest_route=%2Fwp%2Fv2%2Ftags&post=1891"}],"curies":[{"name":"wp","href":"https:\/\/api.w.org\/{rel}","templated":true}]}}