{"id":1863,"date":"2020-09-22T09:00:21","date_gmt":"2020-09-22T07:00:21","guid":{"rendered":"https:\/\/www.immerheiser.de\/?p=1863"},"modified":"2020-09-17T10:16:46","modified_gmt":"2020-09-17T08:16:46","slug":"pic-of-the-day-2020-09-22","status":"publish","type":"post","link":"https:\/\/www.immerheiser.de\/?p=1863","title":{"rendered":"pic-of-the-day-2020-09-22"},"content":{"rendered":"<p>mein heutiges Bild des Tages: &#8222;Delta 1789 &#8211; final approach&#8220;. Aufgenommen am Flugplatz Finthen zeigt mein Tagesfoto heute ein Segelflugzeug im Landeanflug. Beim Starten brauchen Sie ein Motorflugzeug oder eine Seilwinde, die sie in die Luft bringen, da Segelflugzeuge \u00fcblicherweise nicht \u00fcber einen Motor verf\u00fcgen. Durch Thermik (warme Luft steigt vom Erdboden nach oben) halten sie sich in der Luft. Endet dieser Aufwind, muss der Pilot zeitnah wieder landen.\u00a0Den Streckenrekord, der bisher von einem Segelflugzeug zur\u00fcckgelegt wurde, betrug \u00fcbrigens gut 2000 &#8211; aufgestellt von einem Neuseel\u00e4nder.<\/p>\n<p>Canon 6D | 85mm | f8 | 1\/500 s.<\/p>\n","protected":false},"excerpt":{"rendered":"<p>mein heutiges Bild des Tages: &#8222;Delta 1789 &#8211; final approach&#8220;. Aufgenommen am Flugplatz Finthen zeigt mein Tagesfoto heute ein Segelflugzeug im Landeanflug. Beim Starten brauchen Sie ein Motorflugzeug oder eine Seilwinde, die sie in die Luft bringen, da Segelflugzeuge \u00fcblicherweise nicht \u00fcber einen Motor verf\u00fcgen. Durch Thermik (warme Luft steigt vom Erdboden nach oben) halten &hellip; <a href=\"https:\/\/www.immerheiser.de\/?p=1863\" class=\"more-link\"><span class=\"screen-reader-text\">\u201epic-of-the-day-2020-09-22\u201c<\/span> weiterlesen<\/a><\/p>\n","protected":false},"author":1,"featured_media":1864,"comment_status":"closed","ping_status":"open","sticky":false,"template":"","format":"image","meta":{"_jetpack_memberships_contains_paid_content":false,"footnotes":""},"categories":[1],"tags":[728,731,690,686,729,374,727,685,1683,9,602,1684,1682,1681],"class_list":["post-1863","post","type-post","status-publish","format-image","has-post-thumbnail","hentry","category-fotografie","tag-aero","tag-air","tag-aircraft","tag-airplane","tag-finthen","tag-fliegen","tag-flight","tag-flugplatz","tag-glider","tag-immerheiser","tag-mainz","tag-sailplane","tag-segelflieger","tag-segelflugzeug","post_format-post-format-image"],"jetpack_featured_media_url":"https:\/\/www.immerheiser.de\/wp-content\/uploads\/2020\/09\/Segelflugzeug.jpg","jetpack_sharing_enabled":true,"_links":{"self":[{"href":"https:\/\/www.immerheiser.de\/index.php?rest_route=\/wp\/v2\/posts\/1863","targetHints":{"allow":["GET"]}}],"collection":[{"href":"https:\/\/www.immerheiser.de\/index.php?rest_route=\/wp\/v2\/posts"}],"about":[{"href":"https:\/\/www.immerheiser.de\/index.php?rest_route=\/wp\/v2\/types\/post"}],"author":[{"embeddable":true,"href":"https:\/\/www.immerheiser.de\/index.php?rest_route=\/wp\/v2\/users\/1"}],"replies":[{"embeddable":true,"href":"https:\/\/www.immerheiser.de\/index.php?rest_route=%2Fwp%2Fv2%2Fcomments&post=1863"}],"version-history":[{"count":1,"href":"https:\/\/www.immerheiser.de\/index.php?rest_route=\/wp\/v2\/posts\/1863\/revisions"}],"predecessor-version":[{"id":1865,"href":"https:\/\/www.immerheiser.de\/index.php?rest_route=\/wp\/v2\/posts\/1863\/revisions\/1865"}],"wp:featuredmedia":[{"embeddable":true,"href":"https:\/\/www.immerheiser.de\/index.php?rest_route=\/wp\/v2\/media\/1864"}],"wp:attachment":[{"href":"https:\/\/www.immerheiser.de\/index.php?rest_route=%2Fwp%2Fv2%2Fmedia&parent=1863"}],"wp:term":[{"taxonomy":"category","embeddable":true,"href":"https:\/\/www.immerheiser.de\/index.php?rest_route=%2Fwp%2Fv2%2Fcategories&post=1863"},{"taxonomy":"post_tag","embeddable":true,"href":"https:\/\/www.immerheiser.de\/index.php?rest_route=%2Fwp%2Fv2%2Ftags&post=1863"}],"curies":[{"name":"wp","href":"https:\/\/api.w.org\/{rel}","templated":true}]}}