{"id":1753,"date":"2020-08-24T09:00:49","date_gmt":"2020-08-24T07:00:49","guid":{"rendered":"https:\/\/www.immerheiser.de\/?p=1753"},"modified":"2020-08-19T14:08:02","modified_gmt":"2020-08-19T12:08:02","slug":"pic-of-the-day-2020-08-24","status":"publish","type":"post","link":"https:\/\/www.immerheiser.de\/?p=1753","title":{"rendered":"pic-of-the-day-2020-08-24"},"content":{"rendered":"<p>mein heutiges Bild des Tages: &#8222;Torre de Cala Pi&#8220;. Die Bucht Cala Pi auf Mallorca z\u00e4hlt zu einer der Sch\u00f6nsten der Insel. In unmittelbarer N\u00e4he befindet sich der &#8222;Torre de Cala Pi&#8220; &#8211; ein mittelalterlicher Wehrturm, der einen sch\u00f6nen Ausblick auf die mallorquinischen K\u00fcstenlandschaft und die Bucht bietet. Ein herrliches Fleckchen Erde, dass man hoffentlich bald wieder in gewohnter Weise genie\u00dfen kann.<\/p>\n<p>Canon 6D | 40mm | f8 | 1\/125 s.<\/p>\n<p>&nbsp;<\/p>\n<h2 class=\"qrShPb kno-ecr-pt PZPZlf mfMhoc PPT5v\" data-dtype=\"d3ifr\" data-local-attribute=\"d3bn\" data-attrid=\"title\" data-ved=\"2ahUKEwjprMD7m6frAhXOQEEAHdijBnEQ3B0oADAAegQICBAG\"><\/h2>\n","protected":false},"excerpt":{"rendered":"<p>mein heutiges Bild des Tages: &#8222;Torre de Cala Pi&#8220;. Die Bucht Cala Pi auf Mallorca z\u00e4hlt zu einer der Sch\u00f6nsten der Insel. In unmittelbarer N\u00e4he befindet sich der &#8222;Torre de Cala Pi&#8220; &#8211; ein mittelalterlicher Wehrturm, der einen sch\u00f6nen Ausblick auf die mallorquinischen K\u00fcstenlandschaft und die Bucht bietet. Ein herrliches Fleckchen Erde, dass man hoffentlich &hellip; <a href=\"https:\/\/www.immerheiser.de\/?p=1753\" class=\"more-link\"><span class=\"screen-reader-text\">\u201epic-of-the-day-2020-08-24\u201c<\/span> weiterlesen<\/a><\/p>\n","protected":false},"author":1,"featured_media":1754,"comment_status":"closed","ping_status":"open","sticky":false,"template":"","format":"image","meta":{"_jetpack_memberships_contains_paid_content":false,"footnotes":""},"categories":[1,153],"tags":[632,1366,178,9,157,186,165,158,1591,1590,454,265,633,379,631,380],"class_list":["post-1753","post","type-post","status-publish","format-image","has-post-thumbnail","hentry","category-fotografie","category-reisen","tag-baum","tag-calapi","tag-historisch","tag-immerheiser","tag-mallorca","tag-mittelalter","tag-reisen","tag-spanien","tag-torre","tag-torredecalapi","tag-tower","tag-travel","tag-tree","tag-turm","tag-unterwegs","tag-wehrturm","post_format-post-format-image"],"jetpack_featured_media_url":"https:\/\/www.immerheiser.de\/wp-content\/uploads\/2020\/08\/torre-de-cala-pi.jpg","jetpack_sharing_enabled":true,"_links":{"self":[{"href":"https:\/\/www.immerheiser.de\/index.php?rest_route=\/wp\/v2\/posts\/1753","targetHints":{"allow":["GET"]}}],"collection":[{"href":"https:\/\/www.immerheiser.de\/index.php?rest_route=\/wp\/v2\/posts"}],"about":[{"href":"https:\/\/www.immerheiser.de\/index.php?rest_route=\/wp\/v2\/types\/post"}],"author":[{"embeddable":true,"href":"https:\/\/www.immerheiser.de\/index.php?rest_route=\/wp\/v2\/users\/1"}],"replies":[{"embeddable":true,"href":"https:\/\/www.immerheiser.de\/index.php?rest_route=%2Fwp%2Fv2%2Fcomments&post=1753"}],"version-history":[{"count":2,"href":"https:\/\/www.immerheiser.de\/index.php?rest_route=\/wp\/v2\/posts\/1753\/revisions"}],"predecessor-version":[{"id":1756,"href":"https:\/\/www.immerheiser.de\/index.php?rest_route=\/wp\/v2\/posts\/1753\/revisions\/1756"}],"wp:featuredmedia":[{"embeddable":true,"href":"https:\/\/www.immerheiser.de\/index.php?rest_route=\/wp\/v2\/media\/1754"}],"wp:attachment":[{"href":"https:\/\/www.immerheiser.de\/index.php?rest_route=%2Fwp%2Fv2%2Fmedia&parent=1753"}],"wp:term":[{"taxonomy":"category","embeddable":true,"href":"https:\/\/www.immerheiser.de\/index.php?rest_route=%2Fwp%2Fv2%2Fcategories&post=1753"},{"taxonomy":"post_tag","embeddable":true,"href":"https:\/\/www.immerheiser.de\/index.php?rest_route=%2Fwp%2Fv2%2Ftags&post=1753"}],"curies":[{"name":"wp","href":"https:\/\/api.w.org\/{rel}","templated":true}]}}