{"id":1737,"date":"2020-08-21T09:00:52","date_gmt":"2020-08-21T07:00:52","guid":{"rendered":"https:\/\/www.immerheiser.de\/?p=1737"},"modified":"2020-08-18T08:38:34","modified_gmt":"2020-08-18T06:38:34","slug":"pic-of-the-day-2020-08-21","status":"publish","type":"post","link":"https:\/\/www.immerheiser.de\/?p=1737","title":{"rendered":"pic-of-the-day-2020-08-21"},"content":{"rendered":"<p>mein heutiges Bild des Tages: Das Z\u00fcricher Rathaus. Es befindet sich\u00a0am Ufer der Limmat in der Z\u00fcricher Altstadt und ist Sitz der Stadtverwaltung. Das stattliche Geb\u00e4ude wurde im sp\u00e4ten 17.\u00a0Jahrhundert erbaut.<br \/>\nDas Foto entstand vor einigen Wochen, w\u00e4hrend eines Tagesausflugs in die gr\u00f6\u00dfte Stadt der Schweiz.<\/p>\n<p>Canon 6D | 70mm | f8 | 1\/200 s.<\/p>\n","protected":false},"excerpt":{"rendered":"<p>mein heutiges Bild des Tages: Das Z\u00fcricher Rathaus. Es befindet sich\u00a0am Ufer der Limmat in der Z\u00fcricher Altstadt und ist Sitz der Stadtverwaltung. Das stattliche Geb\u00e4ude wurde im sp\u00e4ten 17.\u00a0Jahrhundert erbaut. Das Foto entstand vor einigen Wochen, w\u00e4hrend eines Tagesausflugs in die gr\u00f6\u00dfte Stadt der Schweiz. Canon 6D | 70mm | f8 | 1\/200 s.<\/p>\n","protected":false},"author":1,"featured_media":1740,"comment_status":"closed","ping_status":"open","sticky":false,"template":"","format":"image","meta":{"_jetpack_memberships_contains_paid_content":false,"footnotes":""},"categories":[1,153],"tags":[261,9,1578,609,5,1579,7,1580,1581,265,631,1577],"class_list":["post-1737","post","type-post","status-publish","format-image","has-post-thumbnail","hentry","category-fotografie","category-reisen","tag-building","tag-immerheiser","tag-limmat","tag-rathaus","tag-reise","tag-schweiz","tag-stadt","tag-swiss","tag-switzerland","tag-travel","tag-unterwegs","tag-zuerich","post_format-post-format-image"],"jetpack_featured_media_url":"https:\/\/www.immerheiser.de\/wp-content\/uploads\/2020\/08\/Rathaus-Z\u00fcrich.jpg","jetpack_sharing_enabled":true,"_links":{"self":[{"href":"https:\/\/www.immerheiser.de\/index.php?rest_route=\/wp\/v2\/posts\/1737","targetHints":{"allow":["GET"]}}],"collection":[{"href":"https:\/\/www.immerheiser.de\/index.php?rest_route=\/wp\/v2\/posts"}],"about":[{"href":"https:\/\/www.immerheiser.de\/index.php?rest_route=\/wp\/v2\/types\/post"}],"author":[{"embeddable":true,"href":"https:\/\/www.immerheiser.de\/index.php?rest_route=\/wp\/v2\/users\/1"}],"replies":[{"embeddable":true,"href":"https:\/\/www.immerheiser.de\/index.php?rest_route=%2Fwp%2Fv2%2Fcomments&post=1737"}],"version-history":[{"count":3,"href":"https:\/\/www.immerheiser.de\/index.php?rest_route=\/wp\/v2\/posts\/1737\/revisions"}],"predecessor-version":[{"id":1741,"href":"https:\/\/www.immerheiser.de\/index.php?rest_route=\/wp\/v2\/posts\/1737\/revisions\/1741"}],"wp:featuredmedia":[{"embeddable":true,"href":"https:\/\/www.immerheiser.de\/index.php?rest_route=\/wp\/v2\/media\/1740"}],"wp:attachment":[{"href":"https:\/\/www.immerheiser.de\/index.php?rest_route=%2Fwp%2Fv2%2Fmedia&parent=1737"}],"wp:term":[{"taxonomy":"category","embeddable":true,"href":"https:\/\/www.immerheiser.de\/index.php?rest_route=%2Fwp%2Fv2%2Fcategories&post=1737"},{"taxonomy":"post_tag","embeddable":true,"href":"https:\/\/www.immerheiser.de\/index.php?rest_route=%2Fwp%2Fv2%2Ftags&post=1737"}],"curies":[{"name":"wp","href":"https:\/\/api.w.org\/{rel}","templated":true}]}}