{"id":1672,"date":"2020-08-07T09:00:53","date_gmt":"2020-08-07T07:00:53","guid":{"rendered":"https:\/\/www.immerheiser.de\/?p=1672"},"modified":"2020-08-03T13:49:51","modified_gmt":"2020-08-03T11:49:51","slug":"pic-of-the-day-2020-08-07","status":"publish","type":"post","link":"https:\/\/www.immerheiser.de\/?p=1672","title":{"rendered":"pic-of-the-day-2020-08-07"},"content":{"rendered":"<p>Mein heutiges Bild des Tages: Brandung &#8211; aufgenommen auf dem Dar\u00df bei Ahrenshoop. Der Dar\u00df ist eine Halbinsel an der Ostsee und ein traumhaftes Naturschutzgebiet mit W\u00e4ldern, Wiesen, Str\u00e4nden und Sumpfgebieten. \u00dcberall gibt es kleine, reetgedeckte H\u00e4user und nat\u00fcrlich einen herrlichen Sandstrand. Hier mu\u00df man einfach mal gewesen sein &#8211; und ich war bestimmt nicht das letzte Mal dort \ud83d\ude42<\/p>\n<p>Canon 6D | 85mm | f3.2 | 1\/4000 s.<\/p>\n","protected":false},"excerpt":{"rendered":"<p>Mein heutiges Bild des Tages: Brandung &#8211; aufgenommen auf dem Dar\u00df bei Ahrenshoop. Der Dar\u00df ist eine Halbinsel an der Ostsee und ein traumhaftes Naturschutzgebiet mit W\u00e4ldern, Wiesen, Str\u00e4nden und Sumpfgebieten. \u00dcberall gibt es kleine, reetgedeckte H\u00e4user und nat\u00fcrlich einen herrlichen Sandstrand. Hier mu\u00df man einfach mal gewesen sein &#8211; und ich war bestimmt nicht &hellip; <a href=\"https:\/\/www.immerheiser.de\/?p=1672\" class=\"more-link\"><span class=\"screen-reader-text\">\u201epic-of-the-day-2020-08-07\u201c<\/span> weiterlesen<\/a><\/p>\n","protected":false},"author":1,"featured_media":1673,"comment_status":"closed","ping_status":"open","sticky":false,"template":"","format":"image","meta":{"_jetpack_memberships_contains_paid_content":false,"footnotes":""},"categories":[1,153],"tags":[1519,506,1518,1517,410,442,9,580,470,249,90,160,1337,674,81],"class_list":["post-1672","post","type-post","status-publish","format-image","has-post-thumbnail","hentry","category-fotografie","category-reisen","tag-ahrenshoop","tag-beach","tag-brandung","tag-darss","tag-deutschland","tag-germany","tag-immerheiser","tag-instadaily","tag-instaphoto","tag-landscape","tag-meer","tag-nature","tag-ostsee","tag-sea","tag-strand","post_format-post-format-image"],"jetpack_featured_media_url":"https:\/\/www.immerheiser.de\/wp-content\/uploads\/2020\/08\/Ostsee-Brandung.jpg","jetpack_sharing_enabled":true,"_links":{"self":[{"href":"https:\/\/www.immerheiser.de\/index.php?rest_route=\/wp\/v2\/posts\/1672","targetHints":{"allow":["GET"]}}],"collection":[{"href":"https:\/\/www.immerheiser.de\/index.php?rest_route=\/wp\/v2\/posts"}],"about":[{"href":"https:\/\/www.immerheiser.de\/index.php?rest_route=\/wp\/v2\/types\/post"}],"author":[{"embeddable":true,"href":"https:\/\/www.immerheiser.de\/index.php?rest_route=\/wp\/v2\/users\/1"}],"replies":[{"embeddable":true,"href":"https:\/\/www.immerheiser.de\/index.php?rest_route=%2Fwp%2Fv2%2Fcomments&post=1672"}],"version-history":[{"count":2,"href":"https:\/\/www.immerheiser.de\/index.php?rest_route=\/wp\/v2\/posts\/1672\/revisions"}],"predecessor-version":[{"id":1675,"href":"https:\/\/www.immerheiser.de\/index.php?rest_route=\/wp\/v2\/posts\/1672\/revisions\/1675"}],"wp:featuredmedia":[{"embeddable":true,"href":"https:\/\/www.immerheiser.de\/index.php?rest_route=\/wp\/v2\/media\/1673"}],"wp:attachment":[{"href":"https:\/\/www.immerheiser.de\/index.php?rest_route=%2Fwp%2Fv2%2Fmedia&parent=1672"}],"wp:term":[{"taxonomy":"category","embeddable":true,"href":"https:\/\/www.immerheiser.de\/index.php?rest_route=%2Fwp%2Fv2%2Fcategories&post=1672"},{"taxonomy":"post_tag","embeddable":true,"href":"https:\/\/www.immerheiser.de\/index.php?rest_route=%2Fwp%2Fv2%2Ftags&post=1672"}],"curies":[{"name":"wp","href":"https:\/\/api.w.org\/{rel}","templated":true}]}}