{"id":1667,"date":"2020-08-06T09:00:53","date_gmt":"2020-08-06T07:00:53","guid":{"rendered":"https:\/\/www.immerheiser.de\/?p=1667"},"modified":"2020-08-03T12:00:25","modified_gmt":"2020-08-03T10:00:25","slug":"pic-of-the-day-2020-08-06","status":"publish","type":"post","link":"https:\/\/www.immerheiser.de\/?p=1667","title":{"rendered":"pic-of-the-day-2020-08-06"},"content":{"rendered":"<p>mein heutiges Bild des Tages: Die Trajanss\u00e4ule auf dem Trajansforum in Rom. Sie befindet sich am Rand der Piazza Venezia und wurde am Am 12. Mai 113 eingeweiht. Sie ist also \u00fcber 1900 Jahre alt. Die 40m hohe S\u00e4ule war das Zentrum eines riesigen Komplexes -dem Trajansforum- welches aus S\u00e4ulenhallen, Tempeln, Bibliotheken und Gesch\u00e4ften betstand und zwischen 107 und 143 n. Chr. errichtet wurde.<\/p>\n<p>Nikon D40 | 20mm | f8 | 1\/250 s.<\/p>\n","protected":false},"excerpt":{"rendered":"<p>mein heutiges Bild des Tages: Die Trajanss\u00e4ule auf dem Trajansforum in Rom. Sie befindet sich am Rand der Piazza Venezia und wurde am Am 12. Mai 113 eingeweiht. Sie ist also \u00fcber 1900 Jahre alt. Die 40m hohe S\u00e4ule war das Zentrum eines riesigen Komplexes -dem Trajansforum- welches aus S\u00e4ulenhallen, Tempeln, Bibliotheken und Gesch\u00e4ften betstand &hellip; <a href=\"https:\/\/www.immerheiser.de\/?p=1667\" class=\"more-link\"><span class=\"screen-reader-text\">\u201epic-of-the-day-2020-08-06\u201c<\/span> weiterlesen<\/a><\/p>\n","protected":false},"author":1,"featured_media":1668,"comment_status":"closed","ping_status":"open","sticky":false,"template":"","format":"image","meta":{"_jetpack_memberships_contains_paid_content":false,"footnotes":""},"categories":[1,153],"tags":[1513,70,1516,9,470,535,149,628,1314,1509,1515,5,150,993,7,1512,1514,1511,265,631,1510],"class_list":["post-1667","post","type-post","status-publish","format-image","has-post-thumbnail","hentry","category-fotografie","category-reisen","tag-antike","tag-city","tag-forum","tag-immerheiser","tag-instaphoto","tag-instatravel","tag-italien","tag-italy","tag-kaiser","tag-kaiserforen","tag-kaiserforum","tag-reise","tag-rom","tag-roemisch","tag-stadt","tag-trajan","tag-trajansforum","tag-trajanssaeule","tag-travel","tag-unterwegs","tag-via-dei-fori-imperatori","post_format-post-format-image"],"jetpack_featured_media_url":"https:\/\/www.immerheiser.de\/wp-content\/uploads\/2020\/08\/trajansforum-rom.jpg","jetpack_sharing_enabled":true,"_links":{"self":[{"href":"https:\/\/www.immerheiser.de\/index.php?rest_route=\/wp\/v2\/posts\/1667","targetHints":{"allow":["GET"]}}],"collection":[{"href":"https:\/\/www.immerheiser.de\/index.php?rest_route=\/wp\/v2\/posts"}],"about":[{"href":"https:\/\/www.immerheiser.de\/index.php?rest_route=\/wp\/v2\/types\/post"}],"author":[{"embeddable":true,"href":"https:\/\/www.immerheiser.de\/index.php?rest_route=\/wp\/v2\/users\/1"}],"replies":[{"embeddable":true,"href":"https:\/\/www.immerheiser.de\/index.php?rest_route=%2Fwp%2Fv2%2Fcomments&post=1667"}],"version-history":[{"count":2,"href":"https:\/\/www.immerheiser.de\/index.php?rest_route=\/wp\/v2\/posts\/1667\/revisions"}],"predecessor-version":[{"id":1670,"href":"https:\/\/www.immerheiser.de\/index.php?rest_route=\/wp\/v2\/posts\/1667\/revisions\/1670"}],"wp:featuredmedia":[{"embeddable":true,"href":"https:\/\/www.immerheiser.de\/index.php?rest_route=\/wp\/v2\/media\/1668"}],"wp:attachment":[{"href":"https:\/\/www.immerheiser.de\/index.php?rest_route=%2Fwp%2Fv2%2Fmedia&parent=1667"}],"wp:term":[{"taxonomy":"category","embeddable":true,"href":"https:\/\/www.immerheiser.de\/index.php?rest_route=%2Fwp%2Fv2%2Fcategories&post=1667"},{"taxonomy":"post_tag","embeddable":true,"href":"https:\/\/www.immerheiser.de\/index.php?rest_route=%2Fwp%2Fv2%2Ftags&post=1667"}],"curies":[{"name":"wp","href":"https:\/\/api.w.org\/{rel}","templated":true}]}}