{"id":1649,"date":"2020-07-14T16:36:19","date_gmt":"2020-07-14T14:36:19","guid":{"rendered":"https:\/\/www.immerheiser.de\/?p=1649"},"modified":"2020-07-14T16:36:19","modified_gmt":"2020-07-14T14:36:19","slug":"wandertour-zum-rotenfels","status":"publish","type":"post","link":"https:\/\/www.immerheiser.de\/?p=1649","title":{"rendered":"WanderTour zum Rotenfels"},"content":{"rendered":"<p>Letzten Sonntag sind wir wieder mal zu einer kleinen, entspannten (knapp 10km langen) WanderTour zum Rotenfels gestartet. Der Rotenfels liegt bei Traisen \/ Bad M\u00fcnster am Stein und bildet mit einer L\u00e4nge von gut \u00a01.2 km die gr\u00f6\u00dfte zusammenh\u00e4ngende Steilwand n\u00f6rdlich der Alpen.<\/p>\n<p>Hier mal ein kurzer 5min- Film mit ein paar Impressionen der Tour.<\/p>\n<div class=\"jetpack-video-wrapper\"><iframe loading=\"lazy\" title=\"Rotenfels Bad Kreuznach (WanderTour 07|2020)\" width=\"840\" height=\"473\" src=\"https:\/\/www.youtube.com\/embed\/ikFpSDsNFgg?feature=oembed\" frameborder=\"0\" allow=\"accelerometer; autoplay; encrypted-media; gyroscope; picture-in-picture\" allowfullscreen><\/iframe><\/div>\n<p>&nbsp;<\/p>\n","protected":false},"excerpt":{"rendered":"<p>Letzten Sonntag sind wir wieder mal zu einer kleinen, entspannten (knapp 10km langen) WanderTour zum Rotenfels gestartet. Der Rotenfels liegt bei Traisen \/ Bad M\u00fcnster am Stein und bildet mit einer L\u00e4nge von gut \u00a01.2 km die gr\u00f6\u00dfte zusammenh\u00e4ngende Steilwand n\u00f6rdlich der Alpen. Hier mal ein kurzer 5min- Film mit ein paar Impressionen der Tour. &hellip; <a href=\"https:\/\/www.immerheiser.de\/?p=1649\" class=\"more-link\"><span class=\"screen-reader-text\">\u201eWanderTour zum Rotenfels\u201c<\/span> weiterlesen<\/a><\/p>\n","protected":false},"author":1,"featured_media":0,"comment_status":"closed","ping_status":"open","sticky":false,"template":"","format":"video","meta":{"_jetpack_memberships_contains_paid_content":false,"footnotes":""},"categories":[111,99],"tags":[429,9,249,22,24,33,276,1500,278,631,100],"class_list":["post-1649","post","type-post","status-publish","format-video","hentry","category-videos","category-wandertouren","tag-hiking","tag-immerheiser","tag-landscape","tag-landschaft","tag-rheinland-pfalz","tag-rlp","tag-rotenfels","tag-tour","tag-traisen","tag-unterwegs","tag-wandern","post_format-post-format-video"],"jetpack_featured_media_url":"","jetpack_sharing_enabled":true,"_links":{"self":[{"href":"https:\/\/www.immerheiser.de\/index.php?rest_route=\/wp\/v2\/posts\/1649","targetHints":{"allow":["GET"]}}],"collection":[{"href":"https:\/\/www.immerheiser.de\/index.php?rest_route=\/wp\/v2\/posts"}],"about":[{"href":"https:\/\/www.immerheiser.de\/index.php?rest_route=\/wp\/v2\/types\/post"}],"author":[{"embeddable":true,"href":"https:\/\/www.immerheiser.de\/index.php?rest_route=\/wp\/v2\/users\/1"}],"replies":[{"embeddable":true,"href":"https:\/\/www.immerheiser.de\/index.php?rest_route=%2Fwp%2Fv2%2Fcomments&post=1649"}],"version-history":[{"count":2,"href":"https:\/\/www.immerheiser.de\/index.php?rest_route=\/wp\/v2\/posts\/1649\/revisions"}],"predecessor-version":[{"id":1652,"href":"https:\/\/www.immerheiser.de\/index.php?rest_route=\/wp\/v2\/posts\/1649\/revisions\/1652"}],"wp:attachment":[{"href":"https:\/\/www.immerheiser.de\/index.php?rest_route=%2Fwp%2Fv2%2Fmedia&parent=1649"}],"wp:term":[{"taxonomy":"category","embeddable":true,"href":"https:\/\/www.immerheiser.de\/index.php?rest_route=%2Fwp%2Fv2%2Fcategories&post=1649"},{"taxonomy":"post_tag","embeddable":true,"href":"https:\/\/www.immerheiser.de\/index.php?rest_route=%2Fwp%2Fv2%2Ftags&post=1649"}],"curies":[{"name":"wp","href":"https:\/\/api.w.org\/{rel}","templated":true}]}}