{"id":1523,"date":"2020-07-05T09:00:16","date_gmt":"2020-07-05T07:00:16","guid":{"rendered":"https:\/\/www.immerheiser.de\/?p=1523"},"modified":"2020-06-24T09:31:26","modified_gmt":"2020-06-24T07:31:26","slug":"pic-of-the-day-2020-07-05","status":"publish","type":"post","link":"https:\/\/www.immerheiser.de\/?p=1523","title":{"rendered":"pic-of-the-day-2020-07-05"},"content":{"rendered":"<p>mein heutiges Bild des Tages: Das Ohrenbr\u00fccker Tor in Ingelheim. Das 1381 erstmals erw\u00e4hnte Stadttor mit seinen beiden Befestigungst\u00fcrmen an der Seite und seiner hochgew\u00f6lbten Konstruktion erinnern ein wenig an Ohren, was dem Bauwerk seinen Namen gab.<br \/>\nDas Bild habe ich aus mehreren Einzelaufnahmen zusammen gesetzt.<\/p>\n<p>Canon 6D | 17mm | f13 | 1\/320 s.<\/p>\n","protected":false},"excerpt":{"rendered":"<p>mein heutiges Bild des Tages: Das Ohrenbr\u00fccker Tor in Ingelheim. Das 1381 erstmals erw\u00e4hnte Stadttor mit seinen beiden Befestigungst\u00fcrmen an der Seite und seiner hochgew\u00f6lbten Konstruktion erinnern ein wenig an Ohren, was dem Bauwerk seinen Namen gab. Das Bild habe ich aus mehreren Einzelaufnahmen zusammen gesetzt. Canon 6D | 17mm | f13 | 1\/320 s.<\/p>\n","protected":false},"author":1,"featured_media":1525,"comment_status":"closed","ping_status":"open","sticky":false,"template":"","format":"image","meta":{"_jetpack_memberships_contains_paid_content":false,"footnotes":""},"categories":[1],"tags":[166,261,9,181,580,470,1403,68,428,33,182,607,1405,379,1404],"class_list":["post-1523","post","type-post","status-publish","format-image","has-post-thumbnail","hentry","category-fotografie","tag-bauwerk","tag-building","tag-immerheiser","tag-ingelheim","tag-instadaily","tag-instaphoto","tag-ohrenbruecke","tag-rheinhessen","tag-rheinlandpfalz","tag-rlp","tag-rotweinstadt","tag-tor","tag-torbogen","tag-turm","tag-tuerme","post_format-post-format-image"],"jetpack_featured_media_url":"https:\/\/www.immerheiser.de\/wp-content\/uploads\/2020\/07\/ohrenbr\u00fccke.jpg","jetpack_sharing_enabled":true,"_links":{"self":[{"href":"https:\/\/www.immerheiser.de\/index.php?rest_route=\/wp\/v2\/posts\/1523","targetHints":{"allow":["GET"]}}],"collection":[{"href":"https:\/\/www.immerheiser.de\/index.php?rest_route=\/wp\/v2\/posts"}],"about":[{"href":"https:\/\/www.immerheiser.de\/index.php?rest_route=\/wp\/v2\/types\/post"}],"author":[{"embeddable":true,"href":"https:\/\/www.immerheiser.de\/index.php?rest_route=\/wp\/v2\/users\/1"}],"replies":[{"embeddable":true,"href":"https:\/\/www.immerheiser.de\/index.php?rest_route=%2Fwp%2Fv2%2Fcomments&post=1523"}],"version-history":[{"count":3,"href":"https:\/\/www.immerheiser.de\/index.php?rest_route=\/wp\/v2\/posts\/1523\/revisions"}],"predecessor-version":[{"id":1528,"href":"https:\/\/www.immerheiser.de\/index.php?rest_route=\/wp\/v2\/posts\/1523\/revisions\/1528"}],"wp:featuredmedia":[{"embeddable":true,"href":"https:\/\/www.immerheiser.de\/index.php?rest_route=\/wp\/v2\/media\/1525"}],"wp:attachment":[{"href":"https:\/\/www.immerheiser.de\/index.php?rest_route=%2Fwp%2Fv2%2Fmedia&parent=1523"}],"wp:term":[{"taxonomy":"category","embeddable":true,"href":"https:\/\/www.immerheiser.de\/index.php?rest_route=%2Fwp%2Fv2%2Fcategories&post=1523"},{"taxonomy":"post_tag","embeddable":true,"href":"https:\/\/www.immerheiser.de\/index.php?rest_route=%2Fwp%2Fv2%2Ftags&post=1523"}],"curies":[{"name":"wp","href":"https:\/\/api.w.org\/{rel}","templated":true}]}}