{"id":1485,"date":"2020-06-27T09:00:06","date_gmt":"2020-06-27T07:00:06","guid":{"rendered":"https:\/\/www.immerheiser.de\/?p=1485"},"modified":"2020-06-15T12:37:54","modified_gmt":"2020-06-15T10:37:54","slug":"pic-of-the-day-2020-06-27","status":"publish","type":"post","link":"https:\/\/www.immerheiser.de\/?p=1485","title":{"rendered":"pic-of-the-day-2020-06-27"},"content":{"rendered":"<p>mein heutiges Bild des Tages: Der Pavillon Jos\u00e9phine im Parc de l&#8217;Orangerie in Strassburg. Dort finden zahlreiche Sonderausstellungen und Events statt. Der gern besuchte Orangerie-Park ist der \u00e4lteste Park der Stadt und l\u00e4dt u.a. mit Spielpl\u00e4tzen, einem Tierpark und einem Streichelzoo zum (nicht nur) sonnt\u00e4glichen Ausflug ein.<\/p>\n<p>Canon 6D | 54mm | f10 | 1\/250 s.<\/p>\n","protected":false},"excerpt":{"rendered":"<p>mein heutiges Bild des Tages: Der Pavillon Jos\u00e9phine im Parc de l&#8217;Orangerie in Strassburg. Dort finden zahlreiche Sonderausstellungen und Events statt. Der gern besuchte Orangerie-Park ist der \u00e4lteste Park der Stadt und l\u00e4dt u.a. mit Spielpl\u00e4tzen, einem Tierpark und einem Streichelzoo zum (nicht nur) sonnt\u00e4glichen Ausflug ein. Canon 6D | 54mm | f10 | 1\/250 &hellip; <a href=\"https:\/\/www.immerheiser.de\/?p=1485\" class=\"more-link\"><span class=\"screen-reader-text\">\u201epic-of-the-day-2020-06-27\u201c<\/span> weiterlesen<\/a><\/p>\n","protected":false},"author":1,"featured_media":1486,"comment_status":"closed","ping_status":"open","sticky":false,"template":"","format":"image","meta":{"_jetpack_memberships_contains_paid_content":false,"footnotes":""},"categories":[1,153],"tags":[1214,261,112,47,9,580,470,1372,1374,808,489,782,1373,1272,1375],"class_list":["post-1485","post","type-post","status-publish","format-image","has-post-thumbnail","hentry","category-fotografie","category-reisen","tag-alsace","tag-building","tag-elsass","tag-gebaeude","tag-immerheiser","tag-instadaily","tag-instaphoto","tag-josephine","tag-parc","tag-park","tag-pavillon","tag-storch","tag-strasbourg","tag-strassburg","tag-torche","post_format-post-format-image"],"jetpack_featured_media_url":"https:\/\/www.immerheiser.de\/wp-content\/uploads\/2020\/06\/Pavillon-Josephine.jpeg","jetpack_sharing_enabled":true,"_links":{"self":[{"href":"https:\/\/www.immerheiser.de\/index.php?rest_route=\/wp\/v2\/posts\/1485","targetHints":{"allow":["GET"]}}],"collection":[{"href":"https:\/\/www.immerheiser.de\/index.php?rest_route=\/wp\/v2\/posts"}],"about":[{"href":"https:\/\/www.immerheiser.de\/index.php?rest_route=\/wp\/v2\/types\/post"}],"author":[{"embeddable":true,"href":"https:\/\/www.immerheiser.de\/index.php?rest_route=\/wp\/v2\/users\/1"}],"replies":[{"embeddable":true,"href":"https:\/\/www.immerheiser.de\/index.php?rest_route=%2Fwp%2Fv2%2Fcomments&post=1485"}],"version-history":[{"count":1,"href":"https:\/\/www.immerheiser.de\/index.php?rest_route=\/wp\/v2\/posts\/1485\/revisions"}],"predecessor-version":[{"id":1487,"href":"https:\/\/www.immerheiser.de\/index.php?rest_route=\/wp\/v2\/posts\/1485\/revisions\/1487"}],"wp:featuredmedia":[{"embeddable":true,"href":"https:\/\/www.immerheiser.de\/index.php?rest_route=\/wp\/v2\/media\/1486"}],"wp:attachment":[{"href":"https:\/\/www.immerheiser.de\/index.php?rest_route=%2Fwp%2Fv2%2Fmedia&parent=1485"}],"wp:term":[{"taxonomy":"category","embeddable":true,"href":"https:\/\/www.immerheiser.de\/index.php?rest_route=%2Fwp%2Fv2%2Fcategories&post=1485"},{"taxonomy":"post_tag","embeddable":true,"href":"https:\/\/www.immerheiser.de\/index.php?rest_route=%2Fwp%2Fv2%2Ftags&post=1485"}],"curies":[{"name":"wp","href":"https:\/\/api.w.org\/{rel}","templated":true}]}}