{"id":1464,"date":"2020-06-21T09:00:49","date_gmt":"2020-06-21T07:00:49","guid":{"rendered":"https:\/\/www.immerheiser.de\/?p=1464"},"modified":"2020-06-15T11:14:01","modified_gmt":"2020-06-15T09:14:01","slug":"pic-of-the-day-2020-06-21","status":"publish","type":"post","link":"https:\/\/www.immerheiser.de\/?p=1464","title":{"rendered":"pic-of-the-day-2020-06-21"},"content":{"rendered":"<p>mein heutiges Bild des Tages: Nestbau. Diesen Storch habe ich in Mannheim fotografiert. In sch\u00f6nster Haltung und mit einem Zweig f\u00fcr seinen Nestbau im Schnabel scheint er f\u00f6rmlich f\u00fcr mich zu posieren \ud83d\ude42<\/p>\n<p>Canon 5D Mark IV | 200mm | f2.8 | 1\/2000 s.<\/p>\n","protected":false},"excerpt":{"rendered":"<p>mein heutiges Bild des Tages: Nestbau. Diesen Storch habe ich in Mannheim fotografiert. In sch\u00f6nster Haltung und mit einem Zweig f\u00fcr seinen Nestbau im Schnabel scheint er f\u00f6rmlich f\u00fcr mich zu posieren \ud83d\ude42 Canon 5D Mark IV | 200mm | f2.8 | 1\/2000 s.<\/p>\n","protected":false},"author":1,"featured_media":1465,"comment_status":"closed","ping_status":"open","sticky":false,"template":"","format":"image","meta":{"_jetpack_memberships_contains_paid_content":false,"footnotes":""},"categories":[1],"tags":[191,35,374,9,580,470,1352,216,782,788,16,193,139,1353],"class_list":["post-1464","post","type-post","status-publish","format-image","has-post-thumbnail","hentry","category-fotografie","tag-animal","tag-canon","tag-fliegen","tag-immerheiser","tag-instadaily","tag-instaphoto","tag-nestbas","tag-photography","tag-storch","tag-stork","tag-tier","tag-tierwelt","tag-vogel","tag-vogels","post_format-post-format-image"],"jetpack_featured_media_url":"https:\/\/www.immerheiser.de\/wp-content\/uploads\/2020\/06\/storch-mit-zweig.jpg","jetpack_sharing_enabled":true,"_links":{"self":[{"href":"https:\/\/www.immerheiser.de\/index.php?rest_route=\/wp\/v2\/posts\/1464","targetHints":{"allow":["GET"]}}],"collection":[{"href":"https:\/\/www.immerheiser.de\/index.php?rest_route=\/wp\/v2\/posts"}],"about":[{"href":"https:\/\/www.immerheiser.de\/index.php?rest_route=\/wp\/v2\/types\/post"}],"author":[{"embeddable":true,"href":"https:\/\/www.immerheiser.de\/index.php?rest_route=\/wp\/v2\/users\/1"}],"replies":[{"embeddable":true,"href":"https:\/\/www.immerheiser.de\/index.php?rest_route=%2Fwp%2Fv2%2Fcomments&post=1464"}],"version-history":[{"count":1,"href":"https:\/\/www.immerheiser.de\/index.php?rest_route=\/wp\/v2\/posts\/1464\/revisions"}],"predecessor-version":[{"id":1466,"href":"https:\/\/www.immerheiser.de\/index.php?rest_route=\/wp\/v2\/posts\/1464\/revisions\/1466"}],"wp:featuredmedia":[{"embeddable":true,"href":"https:\/\/www.immerheiser.de\/index.php?rest_route=\/wp\/v2\/media\/1465"}],"wp:attachment":[{"href":"https:\/\/www.immerheiser.de\/index.php?rest_route=%2Fwp%2Fv2%2Fmedia&parent=1464"}],"wp:term":[{"taxonomy":"category","embeddable":true,"href":"https:\/\/www.immerheiser.de\/index.php?rest_route=%2Fwp%2Fv2%2Fcategories&post=1464"},{"taxonomy":"post_tag","embeddable":true,"href":"https:\/\/www.immerheiser.de\/index.php?rest_route=%2Fwp%2Fv2%2Ftags&post=1464"}],"curies":[{"name":"wp","href":"https:\/\/api.w.org\/{rel}","templated":true}]}}