{"id":146,"date":"2019-09-15T09:38:20","date_gmt":"2019-09-15T09:38:20","guid":{"rendered":"https:\/\/www.immerheiser.de\/?p=146"},"modified":"2019-09-19T09:42:32","modified_gmt":"2019-09-19T09:42:32","slug":"wandertour-nach-boppard","status":"publish","type":"post","link":"https:\/\/www.immerheiser.de\/?p=146","title":{"rendered":"WanderTour nach Boppard"},"content":{"rendered":"\n<p>Heute ging es bei bestem Wetter zum Klettersteig nach Boppard. Der einzige, anspruchsvollere alpine Klettersteig in Rheinland-Pfalz wollte bei 22 Grad und Sonnenschein erklommen werden. Der Klettersteig ist ausgeschildert, in 11 Passagen unterteilt und beginnt nach einem kurzen Anstieg erst einmal mit einer Leiter, die ein paar Meter nach unten f\u00fchrt. <br>Klettersteig-Sets k\u00f6nnen vor Ort ausgeliehen werden. F\u00fcr ge\u00fcbte Wanderer m.E. aber nicht zwingend erforderlich. Gutes Schuhwerk und Handschuhe mit etwas Grip sind aber auf jeden Fall empfehlenswert. Etwas schwindelfrei sollte man auch sein. <\/p>\n\n\n\n<p>Ein Klettersteig f\u00fcr Gro\u00df und Klein &#8211; der viel Spa\u00df macht, abwechslungsreich ist und mit einer tollen Aussicht auf die gr\u00f6\u00dfte Rheinschleife belohnt wird. <\/p>\n\n\n\n<p>Hier noch ein paar Details zum Klettersteig: <br><br><strong>Beginn:<\/strong>&nbsp;Boppard, St. Remigius-Platz \/ M\u00fchltal<br><strong>Wegel\u00e4nge:<\/strong>&nbsp;ca 6 km &#8211; <strong>Dauer:<\/strong>&nbsp;etwa 3 Stunden &#8211; <strong>H\u00f6henmeter:<\/strong>&nbsp;243 m<\/p>\n\n\n\n<p>Abschlie\u00dfend noch ein paar Impressionen unserer Tour<\/p>\n\n\n\n<p>[rl_gallery id=&#8220;128&#8243;]<\/p>\n","protected":false},"excerpt":{"rendered":"<p>Heute ging es bei bestem Wetter zum Klettersteig nach Boppard. Der einzige, anspruchsvollere alpine Klettersteig in Rheinland-Pfalz wollte bei 22 Grad und Sonnenschein erklommen werden. Der Klettersteig ist ausgeschildert, in 11 Passagen unterteilt und beginnt nach einem kurzen Anstieg erst einmal mit einer Leiter, die ein paar Meter nach unten f\u00fchrt. Klettersteig-Sets k\u00f6nnen vor Ort &hellip; <a href=\"https:\/\/www.immerheiser.de\/?p=146\" class=\"more-link\"><span class=\"screen-reader-text\">\u201eWanderTour nach Boppard\u201c<\/span> weiterlesen<\/a><\/p>\n","protected":false},"author":1,"featured_media":0,"comment_status":"closed","ping_status":"open","sticky":false,"template":"","format":"standard","meta":{"_jetpack_memberships_contains_paid_content":false,"footnotes":""},"categories":[99],"tags":[27,18,9,105,104,102,100,101],"class_list":["post-146","post","type-post","status-publish","format-standard","hentry","category-wandertouren","tag-boppard","tag-eric-immerheiser","tag-immerheiser","tag-klettern","tag-klettersteig","tag-outdoor","tag-wandern","tag-wandertour"],"jetpack_featured_media_url":"","jetpack_sharing_enabled":true,"_links":{"self":[{"href":"https:\/\/www.immerheiser.de\/index.php?rest_route=\/wp\/v2\/posts\/146","targetHints":{"allow":["GET"]}}],"collection":[{"href":"https:\/\/www.immerheiser.de\/index.php?rest_route=\/wp\/v2\/posts"}],"about":[{"href":"https:\/\/www.immerheiser.de\/index.php?rest_route=\/wp\/v2\/types\/post"}],"author":[{"embeddable":true,"href":"https:\/\/www.immerheiser.de\/index.php?rest_route=\/wp\/v2\/users\/1"}],"replies":[{"embeddable":true,"href":"https:\/\/www.immerheiser.de\/index.php?rest_route=%2Fwp%2Fv2%2Fcomments&post=146"}],"version-history":[{"count":4,"href":"https:\/\/www.immerheiser.de\/index.php?rest_route=\/wp\/v2\/posts\/146\/revisions"}],"predecessor-version":[{"id":151,"href":"https:\/\/www.immerheiser.de\/index.php?rest_route=\/wp\/v2\/posts\/146\/revisions\/151"}],"wp:attachment":[{"href":"https:\/\/www.immerheiser.de\/index.php?rest_route=%2Fwp%2Fv2%2Fmedia&parent=146"}],"wp:term":[{"taxonomy":"category","embeddable":true,"href":"https:\/\/www.immerheiser.de\/index.php?rest_route=%2Fwp%2Fv2%2Fcategories&post=146"},{"taxonomy":"post_tag","embeddable":true,"href":"https:\/\/www.immerheiser.de\/index.php?rest_route=%2Fwp%2Fv2%2Ftags&post=146"}],"curies":[{"name":"wp","href":"https:\/\/api.w.org\/{rel}","templated":true}]}}