{"id":1407,"date":"2020-06-09T09:00:22","date_gmt":"2020-06-09T07:00:22","guid":{"rendered":"https:\/\/www.immerheiser.de\/?p=1407"},"modified":"2020-06-02T11:24:41","modified_gmt":"2020-06-02T09:24:41","slug":"pic-of-the-day-2020-06-09","status":"publish","type":"post","link":"https:\/\/www.immerheiser.de\/?p=1407","title":{"rendered":"pic-of-the-day-2020-06-09"},"content":{"rendered":"<p>Mein heutiges Bild des Tages: &#8222;Tassilo-Prozess&#8220;. Der Vetter Karls des Gro\u00dfen, Tassilo III. wurde wegen Heeresflucht angeklagt und in der Kaiserpfalz zum Tode verurteilt bzw. anschlie\u00dfend zur Klosterhaft begnadigt. Die Skulpturen stehen f\u00fcr den gef\u00fchrten Prozess im Jahr 788 und befinden sich in der N\u00e4he des Rheinufers in Ingelheim.<\/p>\n<p>Canon 6D | 28mm | f9 | 1\/400 s.<\/p>\n<p>&nbsp;<\/p>\n<p>&nbsp;<\/p>\n","protected":false},"excerpt":{"rendered":"<p>Mein heutiges Bild des Tages: &#8222;Tassilo-Prozess&#8220;. Der Vetter Karls des Gro\u00dfen, Tassilo III. wurde wegen Heeresflucht angeklagt und in der Kaiserpfalz zum Tode verurteilt bzw. anschlie\u00dfend zur Klosterhaft begnadigt. Die Skulpturen stehen f\u00fcr den gef\u00fchrten Prozess im Jahr 788 und befinden sich in der N\u00e4he des Rheinufers in Ingelheim. Canon 6D | 28mm | f9 &hellip; <a href=\"https:\/\/www.immerheiser.de\/?p=1407\" class=\"more-link\"><span class=\"screen-reader-text\">\u201epic-of-the-day-2020-06-09\u201c<\/span> weiterlesen<\/a><\/p>\n","protected":false},"author":1,"featured_media":1406,"comment_status":"closed","ping_status":"open","sticky":false,"template":"","format":"image","meta":{"_jetpack_memberships_contains_paid_content":false,"footnotes":""},"categories":[1],"tags":[1316,9,181,580,1314,1255,1313,22,1312,68,33,1315,1311,1246],"class_list":["post-1407","post","type-post","status-publish","format-image","has-post-thumbnail","hentry","category-fotografie","tag-figuren","tag-immerheiser","tag-ingelheim","tag-instadaily","tag-kaiser","tag-kaiserpfalz","tag-karl","tag-landschaft","tag-prozess","tag-rheinhessen","tag-rlp","tag-skulpturen","tag-tassilo","tag-www-immerheiser-de","post_format-post-format-image"],"jetpack_featured_media_url":"https:\/\/www.immerheiser.de\/wp-content\/uploads\/2020\/06\/TassiloProzess.jpg","jetpack_sharing_enabled":true,"_links":{"self":[{"href":"https:\/\/www.immerheiser.de\/index.php?rest_route=\/wp\/v2\/posts\/1407","targetHints":{"allow":["GET"]}}],"collection":[{"href":"https:\/\/www.immerheiser.de\/index.php?rest_route=\/wp\/v2\/posts"}],"about":[{"href":"https:\/\/www.immerheiser.de\/index.php?rest_route=\/wp\/v2\/types\/post"}],"author":[{"embeddable":true,"href":"https:\/\/www.immerheiser.de\/index.php?rest_route=\/wp\/v2\/users\/1"}],"replies":[{"embeddable":true,"href":"https:\/\/www.immerheiser.de\/index.php?rest_route=%2Fwp%2Fv2%2Fcomments&post=1407"}],"version-history":[{"count":2,"href":"https:\/\/www.immerheiser.de\/index.php?rest_route=\/wp\/v2\/posts\/1407\/revisions"}],"predecessor-version":[{"id":1409,"href":"https:\/\/www.immerheiser.de\/index.php?rest_route=\/wp\/v2\/posts\/1407\/revisions\/1409"}],"wp:featuredmedia":[{"embeddable":true,"href":"https:\/\/www.immerheiser.de\/index.php?rest_route=\/wp\/v2\/media\/1406"}],"wp:attachment":[{"href":"https:\/\/www.immerheiser.de\/index.php?rest_route=%2Fwp%2Fv2%2Fmedia&parent=1407"}],"wp:term":[{"taxonomy":"category","embeddable":true,"href":"https:\/\/www.immerheiser.de\/index.php?rest_route=%2Fwp%2Fv2%2Fcategories&post=1407"},{"taxonomy":"post_tag","embeddable":true,"href":"https:\/\/www.immerheiser.de\/index.php?rest_route=%2Fwp%2Fv2%2Ftags&post=1407"}],"curies":[{"name":"wp","href":"https:\/\/api.w.org\/{rel}","templated":true}]}}