{"id":1391,"date":"2020-06-06T09:00:38","date_gmt":"2020-06-06T07:00:38","guid":{"rendered":"https:\/\/www.immerheiser.de\/?p=1391"},"modified":"2020-06-02T10:28:19","modified_gmt":"2020-06-02T08:28:19","slug":"pic-of-the-day-2020-06-06","status":"publish","type":"post","link":"https:\/\/www.immerheiser.de\/?p=1391","title":{"rendered":"pic-of-the-day-2020-06-06"},"content":{"rendered":"<p>mein heutiges Bild des Tages: &#8222;bisch de bruche&#8220;. Die els\u00e4ssische Stadt Colmar bietet einen Vielzahl von Fachwerkh\u00e4usern, kleinen Gesch\u00e4ften und einem tollen Flair, dem man sich nur schwer entziehen kann. Mein heutiges Bild des Tages zeigt eines dieser sch\u00f6nen Fachwerkl\u00e4den, n\u00e4mlich das S\u00fc\u00dfwarengesch\u00e4ft &#8222;bisch de bruche&#8220;. Hier sind\u00a0&#8222;tous nos produits sont fait maison\u201c -also hausgemachte Spezialit\u00e4ten- wie z.B. Nougat Tradition.<\/p>\n<p>Canon 6D | 48mm | \u00a0f7.1 | 1\/125 s.<\/p>\n","protected":false},"excerpt":{"rendered":"<p>mein heutiges Bild des Tages: &#8222;bisch de bruche&#8220;. Die els\u00e4ssische Stadt Colmar bietet einen Vielzahl von Fachwerkh\u00e4usern, kleinen Gesch\u00e4ften und einem tollen Flair, dem man sich nur schwer entziehen kann. Mein heutiges Bild des Tages zeigt eines dieser sch\u00f6nen Fachwerkl\u00e4den, n\u00e4mlich das S\u00fc\u00dfwarengesch\u00e4ft &#8222;bisch de bruche&#8220;. Hier sind\u00a0&#8222;tous nos produits sont fait maison\u201c -also hausgemachte &hellip; <a href=\"https:\/\/www.immerheiser.de\/?p=1391\" class=\"more-link\"><span class=\"screen-reader-text\">\u201epic-of-the-day-2020-06-06\u201c<\/span> weiterlesen<\/a><\/p>\n","protected":false},"author":1,"featured_media":1392,"comment_status":"closed","ping_status":"open","sticky":false,"template":"","format":"image","meta":{"_jetpack_memberships_contains_paid_content":false,"footnotes":""},"categories":[1,153],"tags":[1214,1306,70,1213,112,469,272,47,1266,9,580,1307,1309,589,1224,7,1308,1246],"class_list":["post-1391","post","type-post","status-publish","format-image","has-post-thumbnail","hentry","category-fotografie","category-reisen","tag-alsace","tag-bisch-de-bruche","tag-city","tag-colmar","tag-elsass","tag-fachwerk","tag-frankreich","tag-gebaeude","tag-geschaeft","tag-immerheiser","tag-instadaily","tag-laden","tag-nougat","tag-schokolade","tag-shop","tag-stadt","tag-timbering","tag-www-immerheiser-de","post_format-post-format-image"],"jetpack_featured_media_url":"https:\/\/www.immerheiser.de\/wp-content\/uploads\/2020\/06\/bisch-de-bruche.jpg","jetpack_sharing_enabled":true,"_links":{"self":[{"href":"https:\/\/www.immerheiser.de\/index.php?rest_route=\/wp\/v2\/posts\/1391","targetHints":{"allow":["GET"]}}],"collection":[{"href":"https:\/\/www.immerheiser.de\/index.php?rest_route=\/wp\/v2\/posts"}],"about":[{"href":"https:\/\/www.immerheiser.de\/index.php?rest_route=\/wp\/v2\/types\/post"}],"author":[{"embeddable":true,"href":"https:\/\/www.immerheiser.de\/index.php?rest_route=\/wp\/v2\/users\/1"}],"replies":[{"embeddable":true,"href":"https:\/\/www.immerheiser.de\/index.php?rest_route=%2Fwp%2Fv2%2Fcomments&post=1391"}],"version-history":[{"count":2,"href":"https:\/\/www.immerheiser.de\/index.php?rest_route=\/wp\/v2\/posts\/1391\/revisions"}],"predecessor-version":[{"id":1394,"href":"https:\/\/www.immerheiser.de\/index.php?rest_route=\/wp\/v2\/posts\/1391\/revisions\/1394"}],"wp:featuredmedia":[{"embeddable":true,"href":"https:\/\/www.immerheiser.de\/index.php?rest_route=\/wp\/v2\/media\/1392"}],"wp:attachment":[{"href":"https:\/\/www.immerheiser.de\/index.php?rest_route=%2Fwp%2Fv2%2Fmedia&parent=1391"}],"wp:term":[{"taxonomy":"category","embeddable":true,"href":"https:\/\/www.immerheiser.de\/index.php?rest_route=%2Fwp%2Fv2%2Fcategories&post=1391"},{"taxonomy":"post_tag","embeddable":true,"href":"https:\/\/www.immerheiser.de\/index.php?rest_route=%2Fwp%2Fv2%2Ftags&post=1391"}],"curies":[{"name":"wp","href":"https:\/\/api.w.org\/{rel}","templated":true}]}}