{"id":1329,"date":"2020-05-23T09:00:10","date_gmt":"2020-05-23T07:00:10","guid":{"rendered":"https:\/\/www.immerheiser.de\/?p=1329"},"modified":"2020-05-22T09:45:30","modified_gmt":"2020-05-22T07:45:30","slug":"pic-of-the-day-2020-05-23","status":"publish","type":"post","link":"https:\/\/www.immerheiser.de\/?p=1329","title":{"rendered":"pic-of-the-day-2020-05-23"},"content":{"rendered":"<p>mein heutiges Bild des Tages: &#8222;wei\u00dfe Federn&#8220;. Dieses Foto eines H\u00f6ckerschwans hab ich vor kurzem am Rhein-Nahe-Eck in Bingen aufgenommen.\u00a0Der Wulst an der Schnabelwurzel geben den H\u00f6ckerschw\u00e4nen ihren Namen. M\u00e4nnchen haben einen deutlich gr\u00f6\u00dferen H\u00f6cker als die Weibchen.\u00a0H\u00f6ckerschw\u00e4ne k\u00f6nnen \u00fcbrigens bis zu 20 Jahre alt werden.<\/p>\n<p>Canon 6D | 70mm | f.5.6 | 1\/250 s.<\/p>\n","protected":false},"excerpt":{"rendered":"<p>mein heutiges Bild des Tages: &#8222;wei\u00dfe Federn&#8220;. Dieses Foto eines H\u00f6ckerschwans hab ich vor kurzem am Rhein-Nahe-Eck in Bingen aufgenommen.\u00a0Der Wulst an der Schnabelwurzel geben den H\u00f6ckerschw\u00e4nen ihren Namen. M\u00e4nnchen haben einen deutlich gr\u00f6\u00dferen H\u00f6cker als die Weibchen.\u00a0H\u00f6ckerschw\u00e4ne k\u00f6nnen \u00fcbrigens bis zu 20 Jahre alt werden. Canon 6D | 70mm | f.5.6 | 1\/250 s.<\/p>\n","protected":false},"author":1,"featured_media":1330,"comment_status":"closed","ping_status":"open","sticky":false,"template":"","format":"image","meta":{"_jetpack_memberships_contains_paid_content":false,"footnotes":""},"categories":[1],"tags":[786,1017,1251,9,1083,580,470,23,671,1250,527,1252,1246],"class_list":["post-1329","post","type-post","status-publish","format-image","has-post-thumbnail","hentry","category-fotografie","tag-animals","tag-enten","tag-hoeckerschwan","tag-immerheiser","tag-insta","tag-instadaily","tag-instaphoto","tag-natur","tag-schwan","tag-schwaene","tag-tiere","tag-weiss","tag-www-immerheiser-de","post_format-post-format-image"],"jetpack_featured_media_url":"https:\/\/www.immerheiser.de\/wp-content\/uploads\/2020\/05\/Schwan.jpg","jetpack_sharing_enabled":true,"_links":{"self":[{"href":"https:\/\/www.immerheiser.de\/index.php?rest_route=\/wp\/v2\/posts\/1329","targetHints":{"allow":["GET"]}}],"collection":[{"href":"https:\/\/www.immerheiser.de\/index.php?rest_route=\/wp\/v2\/posts"}],"about":[{"href":"https:\/\/www.immerheiser.de\/index.php?rest_route=\/wp\/v2\/types\/post"}],"author":[{"embeddable":true,"href":"https:\/\/www.immerheiser.de\/index.php?rest_route=\/wp\/v2\/users\/1"}],"replies":[{"embeddable":true,"href":"https:\/\/www.immerheiser.de\/index.php?rest_route=%2Fwp%2Fv2%2Fcomments&post=1329"}],"version-history":[{"count":2,"href":"https:\/\/www.immerheiser.de\/index.php?rest_route=\/wp\/v2\/posts\/1329\/revisions"}],"predecessor-version":[{"id":1337,"href":"https:\/\/www.immerheiser.de\/index.php?rest_route=\/wp\/v2\/posts\/1329\/revisions\/1337"}],"wp:featuredmedia":[{"embeddable":true,"href":"https:\/\/www.immerheiser.de\/index.php?rest_route=\/wp\/v2\/media\/1330"}],"wp:attachment":[{"href":"https:\/\/www.immerheiser.de\/index.php?rest_route=%2Fwp%2Fv2%2Fmedia&parent=1329"}],"wp:term":[{"taxonomy":"category","embeddable":true,"href":"https:\/\/www.immerheiser.de\/index.php?rest_route=%2Fwp%2Fv2%2Fcategories&post=1329"},{"taxonomy":"post_tag","embeddable":true,"href":"https:\/\/www.immerheiser.de\/index.php?rest_route=%2Fwp%2Fv2%2Ftags&post=1329"}],"curies":[{"name":"wp","href":"https:\/\/api.w.org\/{rel}","templated":true}]}}