{"id":1271,"date":"2020-05-10T09:00:54","date_gmt":"2020-05-10T07:00:54","guid":{"rendered":"https:\/\/www.immerheiser.de\/?p=1271"},"modified":"2020-05-05T10:16:26","modified_gmt":"2020-05-05T08:16:26","slug":"pic-of-the-day-2020-05-10","status":"publish","type":"post","link":"https:\/\/www.immerheiser.de\/?p=1271","title":{"rendered":"pic-of-the-day-2020-05-10"},"content":{"rendered":"<p>mein heutiges Bild des Tages: &#8222;Die Freiheitsstatue&#8220;. New York ? Nein&#8230; diese Freiheitsstatue habe ich in dem wundersch\u00f6nen, els\u00e4ssischen St\u00e4dtchen Colmar fotografiert. Dort wurde die Freiheitsstatue n\u00e4mlich erfunden. Entworfen hat sie seinerzeit Auguste Bartholdi, dem dort auch ein Museum gewidmet ist. Die Statue ist aus Kunstharz und hat eine H\u00f6he von 12m. Sie steht am n\u00f6rdlichen Eingang der Stadt in einem Verkehrskreisel.<\/p>\n<p>Canon 6D | 105mm | f10 | 1\/320 s.<\/p>\n<p>&nbsp;<\/p>\n","protected":false},"excerpt":{"rendered":"<p>mein heutiges Bild des Tages: &#8222;Die Freiheitsstatue&#8220;. New York ? Nein&#8230; diese Freiheitsstatue habe ich in dem wundersch\u00f6nen, els\u00e4ssischen St\u00e4dtchen Colmar fotografiert. Dort wurde die Freiheitsstatue n\u00e4mlich erfunden. Entworfen hat sie seinerzeit Auguste Bartholdi, dem dort auch ein Museum gewidmet ist. Die Statue ist aus Kunstharz und hat eine H\u00f6he von 12m. Sie steht am &hellip; <a href=\"https:\/\/www.immerheiser.de\/?p=1271\" class=\"more-link\"><span class=\"screen-reader-text\">\u201epic-of-the-day-2020-05-10\u201c<\/span> weiterlesen<\/a><\/p>\n","protected":false},"author":1,"featured_media":1272,"comment_status":"closed","ping_status":"open","sticky":false,"template":"","format":"image","meta":{"_jetpack_memberships_contains_paid_content":false,"footnotes":""},"categories":[1,153],"tags":[1214,1215,1213,112,275,272,1212,9,1083,1211,413,1210],"class_list":["post-1271","post","type-post","status-publish","format-image","has-post-thumbnail","hentry","category-fotografie","category-reisen","tag-alsace","tag-bartholdi","tag-colmar","tag-elsass","tag-france","tag-frankreich","tag-freiheitsstatue","tag-immerheiser","tag-insta","tag-liberty","tag-statue","tag-statueofliberty","post_format-post-format-image"],"jetpack_featured_media_url":"https:\/\/www.immerheiser.de\/wp-content\/uploads\/2020\/05\/freiheitsstatue-colmar.jpg","jetpack_sharing_enabled":true,"_links":{"self":[{"href":"https:\/\/www.immerheiser.de\/index.php?rest_route=\/wp\/v2\/posts\/1271","targetHints":{"allow":["GET"]}}],"collection":[{"href":"https:\/\/www.immerheiser.de\/index.php?rest_route=\/wp\/v2\/posts"}],"about":[{"href":"https:\/\/www.immerheiser.de\/index.php?rest_route=\/wp\/v2\/types\/post"}],"author":[{"embeddable":true,"href":"https:\/\/www.immerheiser.de\/index.php?rest_route=\/wp\/v2\/users\/1"}],"replies":[{"embeddable":true,"href":"https:\/\/www.immerheiser.de\/index.php?rest_route=%2Fwp%2Fv2%2Fcomments&post=1271"}],"version-history":[{"count":2,"href":"https:\/\/www.immerheiser.de\/index.php?rest_route=\/wp\/v2\/posts\/1271\/revisions"}],"predecessor-version":[{"id":1274,"href":"https:\/\/www.immerheiser.de\/index.php?rest_route=\/wp\/v2\/posts\/1271\/revisions\/1274"}],"wp:featuredmedia":[{"embeddable":true,"href":"https:\/\/www.immerheiser.de\/index.php?rest_route=\/wp\/v2\/media\/1272"}],"wp:attachment":[{"href":"https:\/\/www.immerheiser.de\/index.php?rest_route=%2Fwp%2Fv2%2Fmedia&parent=1271"}],"wp:term":[{"taxonomy":"category","embeddable":true,"href":"https:\/\/www.immerheiser.de\/index.php?rest_route=%2Fwp%2Fv2%2Fcategories&post=1271"},{"taxonomy":"post_tag","embeddable":true,"href":"https:\/\/www.immerheiser.de\/index.php?rest_route=%2Fwp%2Fv2%2Ftags&post=1271"}],"curies":[{"name":"wp","href":"https:\/\/api.w.org\/{rel}","templated":true}]}}