{"id":1266,"date":"2020-05-09T09:00:16","date_gmt":"2020-05-09T07:00:16","guid":{"rendered":"https:\/\/www.immerheiser.de\/?p=1266"},"modified":"2020-05-05T10:08:30","modified_gmt":"2020-05-05T08:08:30","slug":"pic-of-the-day-2020-05-09","status":"publish","type":"post","link":"https:\/\/www.immerheiser.de\/?p=1266","title":{"rendered":"pic-of-the-day-2020-05-09"},"content":{"rendered":"<p>mein heutiges Bild des Tages: &#8222;Fr\u00fchlingsfarben&#8220;. Der Fr\u00fchling ist ja -wie der Herbst auch &#8211; fototechnisch eine wahre Freude. Alles leuchtet in den sch\u00f6nsten Farben, so wie auch auf meinem Fr\u00fchlingsbild des Tages; aufgenommen aus der Froschperspektive. Wei\u00df- und rosabl\u00fchende Obstb\u00e4ume, sattgr\u00fcnes Gras, \u00a0gelb-\/wei\u00dfbl\u00fchende Butterblumen und L\u00f6wenzahn und dazu ein azurblauer Himmel. Herrlich sch\u00f6n !<\/p>\n<p>Canon 6D | 24mm | f9 | 1\/400 s.<\/p>\n","protected":false},"excerpt":{"rendered":"<p>mein heutiges Bild des Tages: &#8222;Fr\u00fchlingsfarben&#8220;. Der Fr\u00fchling ist ja -wie der Herbst auch &#8211; fototechnisch eine wahre Freude. Alles leuchtet in den sch\u00f6nsten Farben, so wie auch auf meinem Fr\u00fchlingsbild des Tages; aufgenommen aus der Froschperspektive. Wei\u00df- und rosabl\u00fchende Obstb\u00e4ume, sattgr\u00fcnes Gras, \u00a0gelb-\/wei\u00dfbl\u00fchende Butterblumen und L\u00f6wenzahn und dazu ein azurblauer Himmel. Herrlich sch\u00f6n ! &hellip; <a href=\"https:\/\/www.immerheiser.de\/?p=1266\" class=\"more-link\"><span class=\"screen-reader-text\">\u201epic-of-the-day-2020-05-09\u201c<\/span> weiterlesen<\/a><\/p>\n","protected":false},"author":1,"featured_media":1267,"comment_status":"closed","ping_status":"open","sticky":false,"template":"","format":"image","meta":{"_jetpack_memberships_contains_paid_content":false,"footnotes":""},"categories":[1],"tags":[322,960,263,264,899,9,1083,249,22,23,160,902,1105,1106],"class_list":["post-1266","post","type-post","status-publish","format-image","has-post-thumbnail","hentry","category-fotografie","tag-blossom","tag-blueten","tag-colors","tag-farben","tag-fruehling","tag-immerheiser","tag-insta","tag-landscape","tag-landschaft","tag-natur","tag-nature","tag-spring","tag-springtide","tag-springtime","post_format-post-format-image"],"jetpack_featured_media_url":"https:\/\/www.immerheiser.de\/wp-content\/uploads\/2020\/05\/Fr\u00fchlingsfarben.jpg","jetpack_sharing_enabled":true,"_links":{"self":[{"href":"https:\/\/www.immerheiser.de\/index.php?rest_route=\/wp\/v2\/posts\/1266","targetHints":{"allow":["GET"]}}],"collection":[{"href":"https:\/\/www.immerheiser.de\/index.php?rest_route=\/wp\/v2\/posts"}],"about":[{"href":"https:\/\/www.immerheiser.de\/index.php?rest_route=\/wp\/v2\/types\/post"}],"author":[{"embeddable":true,"href":"https:\/\/www.immerheiser.de\/index.php?rest_route=\/wp\/v2\/users\/1"}],"replies":[{"embeddable":true,"href":"https:\/\/www.immerheiser.de\/index.php?rest_route=%2Fwp%2Fv2%2Fcomments&post=1266"}],"version-history":[{"count":2,"href":"https:\/\/www.immerheiser.de\/index.php?rest_route=\/wp\/v2\/posts\/1266\/revisions"}],"predecessor-version":[{"id":1269,"href":"https:\/\/www.immerheiser.de\/index.php?rest_route=\/wp\/v2\/posts\/1266\/revisions\/1269"}],"wp:featuredmedia":[{"embeddable":true,"href":"https:\/\/www.immerheiser.de\/index.php?rest_route=\/wp\/v2\/media\/1267"}],"wp:attachment":[{"href":"https:\/\/www.immerheiser.de\/index.php?rest_route=%2Fwp%2Fv2%2Fmedia&parent=1266"}],"wp:term":[{"taxonomy":"category","embeddable":true,"href":"https:\/\/www.immerheiser.de\/index.php?rest_route=%2Fwp%2Fv2%2Fcategories&post=1266"},{"taxonomy":"post_tag","embeddable":true,"href":"https:\/\/www.immerheiser.de\/index.php?rest_route=%2Fwp%2Fv2%2Ftags&post=1266"}],"curies":[{"name":"wp","href":"https:\/\/api.w.org\/{rel}","templated":true}]}}