{"id":1115,"date":"2020-04-08T09:00:13","date_gmt":"2020-04-08T07:00:13","guid":{"rendered":"https:\/\/www.immerheiser.de\/?p=1115"},"modified":"2020-03-26T12:08:52","modified_gmt":"2020-03-26T11:08:52","slug":"pic-of-the-day-2020-04-08","status":"publish","type":"post","link":"https:\/\/www.immerheiser.de\/?p=1115","title":{"rendered":"pic-of-the-day-2020-04-08"},"content":{"rendered":"<p>mein heutiges Bild des Tages: &#8222;M\u00e4rchenschloss&#8220;.\u00a0Wie ein majest\u00e4tisches M\u00e4rchenschloss thront das auf einer Insel im Schweriner See stehende Schloss in Meckleburg-Vorpommern. Es ist heute Sitz des Landtags. Ein traumhafter, idyllischer Schlossgarten umgibt das Schweriner Schloss und z\u00e4hlt zu einem der sch\u00f6nsten Parkanlagen der Region. Aufgenommen habe ich das Bild w\u00e4hrend eines Kurzurlaubs im letzten Jahr.<\/p>\n<p>Canon 6D | 105mm | f10 | 1\/400 s<\/p>\n","protected":false},"excerpt":{"rendered":"<p>mein heutiges Bild des Tages: &#8222;M\u00e4rchenschloss&#8220;.\u00a0Wie ein majest\u00e4tisches M\u00e4rchenschloss thront das auf einer Insel im Schweriner See stehende Schloss in Meckleburg-Vorpommern. Es ist heute Sitz des Landtags. Ein traumhafter, idyllischer Schlossgarten umgibt das Schweriner Schloss und z\u00e4hlt zu einem der sch\u00f6nsten Parkanlagen der Region. Aufgenommen habe ich das Bild w\u00e4hrend eines Kurzurlaubs im letzten Jahr. &hellip; <a href=\"https:\/\/www.immerheiser.de\/?p=1115\" class=\"more-link\"><span class=\"screen-reader-text\">\u201epic-of-the-day-2020-04-08\u201c<\/span> weiterlesen<\/a><\/p>\n","protected":false},"author":1,"featured_media":1116,"comment_status":"closed","ping_status":"open","sticky":false,"template":"","format":"image","meta":{"_jetpack_memberships_contains_paid_content":false,"footnotes":""},"categories":[1],"tags":[491,48,35,1084,325,410,55,47,442,9,1083,1080,1082,5,163,162,1079,631,1081],"class_list":["post-1115","post","type-post","status-publish","format-image","has-post-thumbnail","hentry","category-fotografie","tag-architecture","tag-architektur","tag-canon","tag-canonphotography","tag-castle","tag-deutschland","tag-fotografie","tag-gebaeude","tag-germany","tag-immerheiser","tag-insta","tag-mecklenburg","tag-mv","tag-reise","tag-schloss","tag-schwerin","tag-schwerinerschloss","tag-unterwegs","tag-vorpommern","post_format-post-format-image"],"jetpack_featured_media_url":"https:\/\/www.immerheiser.de\/wp-content\/uploads\/2020\/03\/schloss-schwerin.jpg","jetpack_sharing_enabled":true,"_links":{"self":[{"href":"https:\/\/www.immerheiser.de\/index.php?rest_route=\/wp\/v2\/posts\/1115","targetHints":{"allow":["GET"]}}],"collection":[{"href":"https:\/\/www.immerheiser.de\/index.php?rest_route=\/wp\/v2\/posts"}],"about":[{"href":"https:\/\/www.immerheiser.de\/index.php?rest_route=\/wp\/v2\/types\/post"}],"author":[{"embeddable":true,"href":"https:\/\/www.immerheiser.de\/index.php?rest_route=\/wp\/v2\/users\/1"}],"replies":[{"embeddable":true,"href":"https:\/\/www.immerheiser.de\/index.php?rest_route=%2Fwp%2Fv2%2Fcomments&post=1115"}],"version-history":[{"count":2,"href":"https:\/\/www.immerheiser.de\/index.php?rest_route=\/wp\/v2\/posts\/1115\/revisions"}],"predecessor-version":[{"id":1119,"href":"https:\/\/www.immerheiser.de\/index.php?rest_route=\/wp\/v2\/posts\/1115\/revisions\/1119"}],"wp:featuredmedia":[{"embeddable":true,"href":"https:\/\/www.immerheiser.de\/index.php?rest_route=\/wp\/v2\/media\/1116"}],"wp:attachment":[{"href":"https:\/\/www.immerheiser.de\/index.php?rest_route=%2Fwp%2Fv2%2Fmedia&parent=1115"}],"wp:term":[{"taxonomy":"category","embeddable":true,"href":"https:\/\/www.immerheiser.de\/index.php?rest_route=%2Fwp%2Fv2%2Fcategories&post=1115"},{"taxonomy":"post_tag","embeddable":true,"href":"https:\/\/www.immerheiser.de\/index.php?rest_route=%2Fwp%2Fv2%2Ftags&post=1115"}],"curies":[{"name":"wp","href":"https:\/\/api.w.org\/{rel}","templated":true}]}}