{"id":1039,"date":"2020-03-24T09:00:02","date_gmt":"2020-03-24T08:00:02","guid":{"rendered":"https:\/\/www.immerheiser.de\/?p=1039"},"modified":"2020-02-28T13:05:47","modified_gmt":"2020-02-28T12:05:47","slug":"pic-of-the-day-2020-03-24","status":"publish","type":"post","link":"https:\/\/www.immerheiser.de\/?p=1039","title":{"rendered":"pic-of-the-day-2020-03-24"},"content":{"rendered":"<p>mein heutiges Bild des Tages: &#8222;Mittelrheintal&#8220;. Ein wundersch\u00f6nes Tal, dass immer wieder zu tollen Wanderungen und Ausfl\u00fcgen einl\u00e4dt. Das gut 130km lange Mittelrheintal z\u00e4hlt zu den bedeutendsten Kulturlandschaften Deutschlands, beginnt bei Bingen und endet bei Bonn.<br \/>\nAufgenommen habe ich dieses Foto in Bingen von der Elisenh\u00f6he, von der aus man einen tollen Blick auf das Mittelrheintal genie\u00dfen kann.<\/p>\n<p>Canon\u00a060D | 70mm | f4 | 1\/1250s.<\/p>\n","protected":false},"excerpt":{"rendered":"<p>mein heutiges Bild des Tages: &#8222;Mittelrheintal&#8220;. Ein wundersch\u00f6nes Tal, dass immer wieder zu tollen Wanderungen und Ausfl\u00fcgen einl\u00e4dt. Das gut 130km lange Mittelrheintal z\u00e4hlt zu den bedeutendsten Kulturlandschaften Deutschlands, beginnt bei Bingen und endet bei Bonn. Aufgenommen habe ich dieses Foto in Bingen von der Elisenh\u00f6he, von der aus man einen tollen Blick auf das &hellip; <a href=\"https:\/\/www.immerheiser.de\/?p=1039\" class=\"more-link\"><span class=\"screen-reader-text\">\u201epic-of-the-day-2020-03-24\u201c<\/span> weiterlesen<\/a><\/p>\n","protected":false},"author":1,"featured_media":1041,"comment_status":"closed","ping_status":"open","sticky":false,"template":"","format":"standard","meta":{"_jetpack_memberships_contains_paid_content":false,"footnotes":""},"categories":[1],"tags":[440,442,9,580,470,648,1028,121,26,68,24,474,999,33,328,1027],"class_list":["post-1039","post","type-post","status-publish","format-standard","has-post-thumbnail","hentry","category-fotografie","tag-fluss","tag-germany","tag-immerheiser","tag-instadaily","tag-instaphoto","tag-instapic","tag-kulturlandschaft","tag-mittelrheintal","tag-rhein","tag-rheinhessen","tag-rheinland-pfalz","tag-rhine","tag-river","tag-rlp","tag-rlperleben","tag-weltkulturerbe"],"jetpack_featured_media_url":"https:\/\/www.immerheiser.de\/wp-content\/uploads\/2020\/03\/mittelrheintal.jpg","jetpack_sharing_enabled":true,"_links":{"self":[{"href":"https:\/\/www.immerheiser.de\/index.php?rest_route=\/wp\/v2\/posts\/1039","targetHints":{"allow":["GET"]}}],"collection":[{"href":"https:\/\/www.immerheiser.de\/index.php?rest_route=\/wp\/v2\/posts"}],"about":[{"href":"https:\/\/www.immerheiser.de\/index.php?rest_route=\/wp\/v2\/types\/post"}],"author":[{"embeddable":true,"href":"https:\/\/www.immerheiser.de\/index.php?rest_route=\/wp\/v2\/users\/1"}],"replies":[{"embeddable":true,"href":"https:\/\/www.immerheiser.de\/index.php?rest_route=%2Fwp%2Fv2%2Fcomments&post=1039"}],"version-history":[{"count":3,"href":"https:\/\/www.immerheiser.de\/index.php?rest_route=\/wp\/v2\/posts\/1039\/revisions"}],"predecessor-version":[{"id":1043,"href":"https:\/\/www.immerheiser.de\/index.php?rest_route=\/wp\/v2\/posts\/1039\/revisions\/1043"}],"wp:featuredmedia":[{"embeddable":true,"href":"https:\/\/www.immerheiser.de\/index.php?rest_route=\/wp\/v2\/media\/1041"}],"wp:attachment":[{"href":"https:\/\/www.immerheiser.de\/index.php?rest_route=%2Fwp%2Fv2%2Fmedia&parent=1039"}],"wp:term":[{"taxonomy":"category","embeddable":true,"href":"https:\/\/www.immerheiser.de\/index.php?rest_route=%2Fwp%2Fv2%2Fcategories&post=1039"},{"taxonomy":"post_tag","embeddable":true,"href":"https:\/\/www.immerheiser.de\/index.php?rest_route=%2Fwp%2Fv2%2Ftags&post=1039"}],"curies":[{"name":"wp","href":"https:\/\/api.w.org\/{rel}","templated":true}]}}